{"id":3984,"date":"2017-11-20T21:06:00","date_gmt":"2017-11-20T23:06:00","guid":{"rendered":"http:\/\/blogdoedvaldomagalhaes.com.br\/index.php\/2017\/11\/20\/central-de-caruaru-contrata-atacante\/"},"modified":"2019-02-09T01:53:18","modified_gmt":"2019-02-09T03:53:18","slug":"central-de-caruaru-contrata-atacante","status":"publish","type":"post","link":"https:\/\/blogdoedvaldomagalhaes.com.br\/index.php\/2017\/11\/20\/central-de-caruaru-contrata-atacante\/","title":{"rendered":"Central de Caruaru contrata atacante Luiz\u00e3o"},"content":{"rendered":"<div class=\"separator\" style=\"clear: both; text-align: center;\">\n<a href=\"https:\/\/4.bp.blogspot.com\/-4EZ2D_NaNw0\/WhNDn3qz1vI\/AAAAAAAAkv8\/VmH0654trFEJmM1Enp9TFAIa8Ivy97wMgCLcBGAs\/s1600\/IMG-20171120-WA0108.jpg\" imageanchor=\"1\" style=\"margin-left: 1em; margin-right: 1em;\"><img loading=\"lazy\" decoding=\"async\" border=\"0\" data-original-height=\"1250\" data-original-width=\"1000\" height=\"320\" src=\"http:\/\/blogdoedvaldomagalhaes.com.br\/wp-content\/uploads\/2017\/11\/IMG-20171120-WA0108.jpg\" width=\"256\" \/><\/a><\/div>\n<p><\/p>\n<div style=\"text-align: justify;\">\nA d\u00e9cima contrata\u00e7\u00e3o oficializada \u00e9 a do atacante Luiz Fernando dos Santos, o Luiz\u00e3o, de 29 anos e 1,88 cm.&nbsp;Luiz\u00e3o esteve no Central em 2014, quando chegou para disputar a S\u00e9rie D, mas treinou por 40 dias, fez um gol em amistoso contra o Treze e deixou o clube por problemas na regulariza\u00e7\u00e3o.<\/div>\n<div style=\"text-align: justify;\">\n<\/div>\n<div style=\"text-align: justify;\">\nAgora mais experiente, volta ao clube para ser o homem de \u00e1rea da Patativa do Agreste na temporada 2018.<\/div>\n<div style=\"text-align: justify;\">\n<\/div>\n<div style=\"text-align: justify;\">\nLuiz\u00e3o j\u00e1 jogou por Toledo\/PR, Foz do Igua\u00e7u\/PR, Santa Cruz\/RN, Votuporanguense\/SP, Juventus\/SP, Uni\u00e3o S\u00e3o Jo\u00e3o\/SP, S\u00e3o Carlos\/SP, Corinthians\/AL, 3 Febrero\/Paraguai, Mixto\/MS, Fast Club\/AM e Globo\/RN.<\/div>\n","protected":false},"excerpt":{"rendered":"<p>A d\u00e9cima contrata\u00e7\u00e3o oficializada \u00e9 a do atacante Luiz Fernando dos Santos, o Luiz\u00e3o, de 29 anos e 1,88 cm.&nbsp;Luiz\u00e3o&hellip;<\/p>\n","protected":false},"author":1,"featured_media":0,"comment_status":"open","ping_status":"open","sticky":false,"template":"","format":"standard","meta":{"footnotes":""},"categories":[1],"tags":[2,4816,4817,3,4818,4819,4820,4821,4822,4823],"class_list":["post-3984","post","type-post","status-publish","format-standard","hentry","category-sem-categoria","tag-blog-do-edvaldo-magalhaes","tag-central-de-caruaru-contrata-atacante-luizao","tag-foz-do-iguacu-pr","tag-futebol","tag-juventus-sp","tag-santa-cruz-rn","tag-sao-carlos-sp","tag-toledo-pr","tag-uniao-sao-joao-sp","tag-votuporanguense-sp"],"_links":{"self":[{"href":"https:\/\/blogdoedvaldomagalhaes.com.br\/index.php\/wp-json\/wp\/v2\/posts\/3984","targetHints":{"allow":["GET"]}}],"collection":[{"href":"https:\/\/blogdoedvaldomagalhaes.com.br\/index.php\/wp-json\/wp\/v2\/posts"}],"about":[{"href":"https:\/\/blogdoedvaldomagalhaes.com.br\/index.php\/wp-json\/wp\/v2\/types\/post"}],"author":[{"embeddable":true,"href":"https:\/\/blogdoedvaldomagalhaes.com.br\/index.php\/wp-json\/wp\/v2\/users\/1"}],"replies":[{"embeddable":true,"href":"https:\/\/blogdoedvaldomagalhaes.com.br\/index.php\/wp-json\/wp\/v2\/comments?post=3984"}],"version-history":[{"count":1,"href":"https:\/\/blogdoedvaldomagalhaes.com.br\/index.php\/wp-json\/wp\/v2\/posts\/3984\/revisions"}],"predecessor-version":[{"id":26313,"href":"https:\/\/blogdoedvaldomagalhaes.com.br\/index.php\/wp-json\/wp\/v2\/posts\/3984\/revisions\/26313"}],"wp:attachment":[{"href":"https:\/\/blogdoedvaldomagalhaes.com.br\/index.php\/wp-json\/wp\/v2\/media?parent=3984"}],"wp:term":[{"taxonomy":"category","embeddable":true,"href":"https:\/\/blogdoedvaldomagalhaes.com.br\/index.php\/wp-json\/wp\/v2\/categories?post=3984"},{"taxonomy":"post_tag","embeddable":true,"href":"https:\/\/blogdoedvaldomagalhaes.com.br\/index.php\/wp-json\/wp\/v2\/tags?post=3984"}],"curies":[{"name":"wp","href":"https:\/\/api.w.org\/{rel}","templated":true}]}}