{"id":39820,"date":"2019-03-15T07:56:17","date_gmt":"2019-03-15T10:56:17","guid":{"rendered":"http:\/\/blogdoedvaldomagalhaes.com.br\/?p=39820"},"modified":"2019-03-15T07:56:20","modified_gmt":"2019-03-15T10:56:20","slug":"homem-e-baleado-em-gravata-e-jovem-e-esfaqueado-em-toritama","status":"publish","type":"post","link":"https:\/\/blogdoedvaldomagalhaes.com.br\/index.php\/2019\/03\/15\/homem-e-baleado-em-gravata-e-jovem-e-esfaqueado-em-toritama\/","title":{"rendered":"Homem \u00e9 baleado em Gravat\u00e1 e jovem \u00e9 esfaqueado em Toritama"},"content":{"rendered":"\n<p>Um homem foi baleado no final da tarde desta quinta-feira (14), no Loteamento Cruzeiro, em Gravat\u00e1. A v\u00edtima, identificada como J\u00fanior Macaxeira, foi abordada por desconhecidos quando chegava em casa. O rapaz foi socorrido para o hospital da cidade.<\/p>\n\n\n\n<p>Em Toritama, um adolescente de 17 anos sofreu tentativa de homic\u00eddio. Ele foi esfaqueado no bairro Cohab, socorrido para o Hospital Nossa Senhora de F\u00e1tima e depois transferido para o Hospital Regional do Agreste (HRA), em Caruaru.<\/p>\n\n\n\n<p>Nas \u00faltimas 24 horas, cinco pessoas foram assassinadas em Pernambuco. Tr\u00eas crimes aconteceram na Regi\u00e3o Metropolitana do Recife e dois no interior. Este ano, j\u00e1 s\u00e3o 618 os homic\u00eddios registrados no Estado, 286 no Grande Recife e 332 no interior.<\/p>\n\n\n\n<p>Na manh\u00e3 desta sexta-feira (15), a Secretaria de Defesa Social (SDS) divulga o n\u00famero oficial de homic\u00eddios ocorridos no m\u00eas de fevereiro no Estado.<\/p>\n\n\n\n<p>Informa\u00e7\u00f5es: Helenivaldo Pereira\/R\u00e1dio Liberdade.<\/p>\n\n\n\n<p>Foto: Clebson Amsterdan\/Cortesia<\/p>\n","protected":false},"excerpt":{"rendered":"<p>Um homem foi baleado no final da tarde desta quinta-feira (14), no Loteamento Cruzeiro, em Gravat\u00e1. A v\u00edtima, identificada como&hellip;<\/p>\n","protected":false},"author":1,"featured_media":39821,"comment_status":"closed","ping_status":"open","sticky":false,"template":"","format":"standard","meta":{"footnotes":""},"categories":[14121],"tags":[2,14510],"class_list":["post-39820","post","type-post","status-publish","format-standard","has-post-thumbnail","hentry","category-policial","tag-blog-do-edvaldo-magalhaes","tag-homem-e-baleado-em-gravata-e-jovem-e-esfaqueado-em-toritama"],"_links":{"self":[{"href":"https:\/\/blogdoedvaldomagalhaes.com.br\/index.php\/wp-json\/wp\/v2\/posts\/39820","targetHints":{"allow":["GET"]}}],"collection":[{"href":"https:\/\/blogdoedvaldomagalhaes.com.br\/index.php\/wp-json\/wp\/v2\/posts"}],"about":[{"href":"https:\/\/blogdoedvaldomagalhaes.com.br\/index.php\/wp-json\/wp\/v2\/types\/post"}],"author":[{"embeddable":true,"href":"https:\/\/blogdoedvaldomagalhaes.com.br\/index.php\/wp-json\/wp\/v2\/users\/1"}],"replies":[{"embeddable":true,"href":"https:\/\/blogdoedvaldomagalhaes.com.br\/index.php\/wp-json\/wp\/v2\/comments?post=39820"}],"version-history":[{"count":1,"href":"https:\/\/blogdoedvaldomagalhaes.com.br\/index.php\/wp-json\/wp\/v2\/posts\/39820\/revisions"}],"predecessor-version":[{"id":39822,"href":"https:\/\/blogdoedvaldomagalhaes.com.br\/index.php\/wp-json\/wp\/v2\/posts\/39820\/revisions\/39822"}],"wp:featuredmedia":[{"embeddable":true,"href":"https:\/\/blogdoedvaldomagalhaes.com.br\/index.php\/wp-json\/wp\/v2\/media\/39821"}],"wp:attachment":[{"href":"https:\/\/blogdoedvaldomagalhaes.com.br\/index.php\/wp-json\/wp\/v2\/media?parent=39820"}],"wp:term":[{"taxonomy":"category","embeddable":true,"href":"https:\/\/blogdoedvaldomagalhaes.com.br\/index.php\/wp-json\/wp\/v2\/categories?post=39820"},{"taxonomy":"post_tag","embeddable":true,"href":"https:\/\/blogdoedvaldomagalhaes.com.br\/index.php\/wp-json\/wp\/v2\/tags?post=39820"}],"curies":[{"name":"wp","href":"https:\/\/api.w.org\/{rel}","templated":true}]}}