{"id":39809,"date":"2019-03-14T22:36:20","date_gmt":"2019-03-15T01:36:20","guid":{"rendered":"http:\/\/blogdoedvaldomagalhaes.com.br\/?p=39809"},"modified":"2019-03-14T22:36:22","modified_gmt":"2019-03-15T01:36:22","slug":"nota-de-esclarecimento-ajuste-tarifario-das-linhas-rurais","status":"publish","type":"post","link":"https:\/\/blogdoedvaldomagalhaes.com.br\/index.php\/2019\/03\/14\/nota-de-esclarecimento-ajuste-tarifario-das-linhas-rurais\/","title":{"rendered":"Nota de esclarecimento: ajuste tarif\u00e1rio das linhas rurais"},"content":{"rendered":"\n<p>Nota de esclarecimento&nbsp;<\/p>\n\n\n\n<p>Sobre as recentes not\u00edcias vinculadas&nbsp; referente ao valor da passagem das linhas rurais, a Associa\u00e7\u00e3o das Empresas de Transporte de Passageiros de Caruaru ( AETPC) informa que ainda n\u00e3o h\u00e1 nenhuma defini\u00e7\u00e3o sobre esses valores. Portanto, n\u00e3o confirma nenhum ajuste tarif\u00e1rio at\u00e9 o momento.&nbsp;<\/p>\n\n\n\n<p>Em breve, a AETPC far\u00e1 o comunicado oficial com todas as informa\u00e7\u00f5es sobre os poss\u00edveis ajustes.&nbsp;<\/p>\n","protected":false},"excerpt":{"rendered":"<p>Nota de esclarecimento&nbsp; Sobre as recentes not\u00edcias vinculadas&nbsp; referente ao valor da passagem das linhas rurais, a Associa\u00e7\u00e3o das Empresas&hellip;<\/p>\n","protected":false},"author":1,"featured_media":39810,"comment_status":"closed","ping_status":"open","sticky":false,"template":"","format":"standard","meta":{"footnotes":""},"categories":[14120],"tags":[2,14508],"class_list":["post-39809","post","type-post","status-publish","format-standard","has-post-thumbnail","hentry","category-noticias","tag-blog-do-edvaldo-magalhaes","tag-nota-de-esclarecimento-ajuste-tarifario-das-linhas-rurais"],"_links":{"self":[{"href":"https:\/\/blogdoedvaldomagalhaes.com.br\/index.php\/wp-json\/wp\/v2\/posts\/39809","targetHints":{"allow":["GET"]}}],"collection":[{"href":"https:\/\/blogdoedvaldomagalhaes.com.br\/index.php\/wp-json\/wp\/v2\/posts"}],"about":[{"href":"https:\/\/blogdoedvaldomagalhaes.com.br\/index.php\/wp-json\/wp\/v2\/types\/post"}],"author":[{"embeddable":true,"href":"https:\/\/blogdoedvaldomagalhaes.com.br\/index.php\/wp-json\/wp\/v2\/users\/1"}],"replies":[{"embeddable":true,"href":"https:\/\/blogdoedvaldomagalhaes.com.br\/index.php\/wp-json\/wp\/v2\/comments?post=39809"}],"version-history":[{"count":1,"href":"https:\/\/blogdoedvaldomagalhaes.com.br\/index.php\/wp-json\/wp\/v2\/posts\/39809\/revisions"}],"predecessor-version":[{"id":39811,"href":"https:\/\/blogdoedvaldomagalhaes.com.br\/index.php\/wp-json\/wp\/v2\/posts\/39809\/revisions\/39811"}],"wp:featuredmedia":[{"embeddable":true,"href":"https:\/\/blogdoedvaldomagalhaes.com.br\/index.php\/wp-json\/wp\/v2\/media\/39810"}],"wp:attachment":[{"href":"https:\/\/blogdoedvaldomagalhaes.com.br\/index.php\/wp-json\/wp\/v2\/media?parent=39809"}],"wp:term":[{"taxonomy":"category","embeddable":true,"href":"https:\/\/blogdoedvaldomagalhaes.com.br\/index.php\/wp-json\/wp\/v2\/categories?post=39809"},{"taxonomy":"post_tag","embeddable":true,"href":"https:\/\/blogdoedvaldomagalhaes.com.br\/index.php\/wp-json\/wp\/v2\/tags?post=39809"}],"curies":[{"name":"wp","href":"https:\/\/api.w.org\/{rel}","templated":true}]}}