{"id":39792,"date":"2019-03-14T19:35:20","date_gmt":"2019-03-14T22:35:20","guid":{"rendered":"http:\/\/blogdoedvaldomagalhaes.com.br\/?p=39792"},"modified":"2019-03-14T19:35:21","modified_gmt":"2019-03-14T22:35:21","slug":"consumidores-serao-orientados-em-caruaru-nesta-sexta-15","status":"publish","type":"post","link":"https:\/\/blogdoedvaldomagalhaes.com.br\/index.php\/2019\/03\/14\/consumidores-serao-orientados-em-caruaru-nesta-sexta-15\/","title":{"rendered":"Consumidores ser\u00e3o orientados em Caruaru nesta sexta (15)"},"content":{"rendered":"\n<p>Para celebrar o Dia Mundial do Consumidor, a OAB Caruaru, atrav\u00e9s da Comiss\u00e3o de Direito do Consumidor, participa nesta sexta-feira (15) de evento promovido pelo PROCON Caruaru. A a\u00e7\u00e3o ser\u00e1 realizada das 13h \u00e0s 17h, no Marco Zero e contar\u00e1 com a participa\u00e7\u00e3o de diversos \u00f3rg\u00e3os, que estar\u00e3o dispon\u00edveis para atender e orientar o cidad\u00e3o\/consumidor. <\/p>\n\n\n\n<p>\u201cA participa\u00e7\u00e3o da OAB no evento servir\u00e1 para propagar o conhecimento dos direitos dos consumidores, bem como os auxiliar\u00e1 na resolu\u00e7\u00e3o de demandas eventualmente j\u00e1 existentes. A data tamb\u00e9m serve para que fornecedores lembrem do compromisso de respeitar todas as leis que protegem os seus consumidores. Empoderar o consumidor de conhecimento \u00e9 uma excelente maneira de combater o desrespeito aos seus direitos\u201d, destacou o presidente da Comiss\u00e3o de Direito do Consumidor da OAB Caruaru, J\u00f4natas Sim\u00f5es.<\/p>\n","protected":false},"excerpt":{"rendered":"<p>Para celebrar o Dia Mundial do Consumidor, a OAB Caruaru, atrav\u00e9s da Comiss\u00e3o de Direito do Consumidor, participa nesta sexta-feira&hellip;<\/p>\n","protected":false},"author":1,"featured_media":39793,"comment_status":"closed","ping_status":"open","sticky":false,"template":"","format":"standard","meta":{"footnotes":""},"categories":[14120],"tags":[2,14505],"class_list":["post-39792","post","type-post","status-publish","format-standard","has-post-thumbnail","hentry","category-noticias","tag-blog-do-edvaldo-magalhaes","tag-consumidores-serao-orientados-em-caruaru-nesta-sexta-15"],"_links":{"self":[{"href":"https:\/\/blogdoedvaldomagalhaes.com.br\/index.php\/wp-json\/wp\/v2\/posts\/39792","targetHints":{"allow":["GET"]}}],"collection":[{"href":"https:\/\/blogdoedvaldomagalhaes.com.br\/index.php\/wp-json\/wp\/v2\/posts"}],"about":[{"href":"https:\/\/blogdoedvaldomagalhaes.com.br\/index.php\/wp-json\/wp\/v2\/types\/post"}],"author":[{"embeddable":true,"href":"https:\/\/blogdoedvaldomagalhaes.com.br\/index.php\/wp-json\/wp\/v2\/users\/1"}],"replies":[{"embeddable":true,"href":"https:\/\/blogdoedvaldomagalhaes.com.br\/index.php\/wp-json\/wp\/v2\/comments?post=39792"}],"version-history":[{"count":1,"href":"https:\/\/blogdoedvaldomagalhaes.com.br\/index.php\/wp-json\/wp\/v2\/posts\/39792\/revisions"}],"predecessor-version":[{"id":39794,"href":"https:\/\/blogdoedvaldomagalhaes.com.br\/index.php\/wp-json\/wp\/v2\/posts\/39792\/revisions\/39794"}],"wp:featuredmedia":[{"embeddable":true,"href":"https:\/\/blogdoedvaldomagalhaes.com.br\/index.php\/wp-json\/wp\/v2\/media\/39793"}],"wp:attachment":[{"href":"https:\/\/blogdoedvaldomagalhaes.com.br\/index.php\/wp-json\/wp\/v2\/media?parent=39792"}],"wp:term":[{"taxonomy":"category","embeddable":true,"href":"https:\/\/blogdoedvaldomagalhaes.com.br\/index.php\/wp-json\/wp\/v2\/categories?post=39792"},{"taxonomy":"post_tag","embeddable":true,"href":"https:\/\/blogdoedvaldomagalhaes.com.br\/index.php\/wp-json\/wp\/v2\/tags?post=39792"}],"curies":[{"name":"wp","href":"https:\/\/api.w.org\/{rel}","templated":true}]}}