{"id":39785,"date":"2019-03-14T18:59:11","date_gmt":"2019-03-14T21:59:11","guid":{"rendered":"http:\/\/blogdoedvaldomagalhaes.com.br\/?p=39785"},"modified":"2019-03-14T18:59:13","modified_gmt":"2019-03-14T21:59:13","slug":"agua-do-rio-sao-francisco-afasta-colapso-do-abastecimento-de-tacaimbo","status":"publish","type":"post","link":"https:\/\/blogdoedvaldomagalhaes.com.br\/index.php\/2019\/03\/14\/agua-do-rio-sao-francisco-afasta-colapso-do-abastecimento-de-tacaimbo\/","title":{"rendered":"\u00c1gua do Rio S\u00e3o Francisco afasta colapso do abastecimento de Tacaimb\u00f3"},"content":{"rendered":"\n<p>A chegada das \u00e1guas do Rio S\u00e3o Francisco em Tacaimb\u00f3, na regi\u00e3o Agreste, tem um duplo significado para os moradores da cidade: mais \u00e1gua nas torneiras e o fim da amea\u00e7a do colapso no abastecimento. O Governo do Estado, por meio da Companhia Pernambucana de Saneamento &#8211; Compesa,  iniciou, ontem (13), a distribui\u00e7\u00e3o de \u00e1gua em fase de testes para a cidade, a partir do sistema integrado Adutora do Agreste-Moxot\u00f3, que est\u00e1 antecipando o uso da \u00e1gua da Transposi\u00e7\u00e3o do Rio S\u00e3o Francisco mesmo sem a finaliza\u00e7\u00e3o da obra do Ramal do Agreste &#8211; em execu\u00e7\u00e3o pelo  governo federal.<\/p>\n\n\n\n<p>Tacaimb\u00f3 \u00e9 a sexta cidade beneficiada pelo novo sistema. Outros quatro munic\u00edpios ainda ser\u00e3o contemplados, alcan\u00e7ando uma popula\u00e7\u00e3o de 400 mil pessoas. Em Tacaimb\u00f3, os bairros do Centro e Rua Velha s\u00e3o as primeiras localidades atendidas e a previs\u00e3o \u00e9, dentro de 20 dias, abastecer todos os bairros da cidade com \u00e1gua da Transposi\u00e7\u00e3o. Por\u00e9m, a Compesa adianta que o calend\u00e1rio de distribui\u00e7\u00e3o n\u00e3o ser\u00e1 alterado de imediato em virtude da situa\u00e7\u00e3o dos dois mananciais que atendem a cidade, a Barragem do Bitury e a Barragem Tabocas-Piaca, ambas  localizadas na cidade de Belo Jardim.<\/p>\n\n\n\n<figure class=\"wp-block-image\"><img loading=\"lazy\" decoding=\"async\" width=\"1024\" height=\"682\" src=\"http:\/\/blogdoedvaldomagalhaes.com.br\/wp-content\/uploads\/2019\/03\/IMG-20190314-WA0105-1024x682.jpg\" alt=\"\" class=\"wp-image-39787\" srcset=\"https:\/\/blogdoedvaldomagalhaes.com.br\/wp-content\/uploads\/2019\/03\/IMG-20190314-WA0105-1024x682.jpg 1024w, https:\/\/blogdoedvaldomagalhaes.com.br\/wp-content\/uploads\/2019\/03\/IMG-20190314-WA0105-300x200.jpg 300w, https:\/\/blogdoedvaldomagalhaes.com.br\/wp-content\/uploads\/2019\/03\/IMG-20190314-WA0105-768x512.jpg 768w, https:\/\/blogdoedvaldomagalhaes.com.br\/wp-content\/uploads\/2019\/03\/IMG-20190314-WA0105.jpg 1280w\" sizes=\"auto, (max-width: 1024px) 100vw, 1024px\" \/><\/figure>\n\n\n\n<p>Desde o colapso da barragem do Bitury, h\u00e1 quatro meses, o Sistema Adutor Tabocas-Piaca passou a responder integralmente pelo abastecimento de Tacaimb\u00f3. No entanto, a Barragem de Tabocas est\u00e1 em pr\u00e9-colapso e n\u00e3o suportaria mais um m\u00eas de abastecimento se as chuvas n\u00e3o chegarem. O presidente da Compesa, Roberto Tavares, adiantou que, com a expectativa de recupera\u00e7\u00e3o dos dois mananciais neste inverno, a Compesa ter\u00e1 condi\u00e7\u00f5es de melhorar o abastecimento da cidade, ofertando mais \u00e1gua para a popula\u00e7\u00e3o.<\/p>\n\n\n\n<p>O abastecimento de Tacaimb\u00f3 com as \u00e1guas do Rio S\u00e3o Francisco s\u00f3 foi poss\u00edvel gra\u00e7as a Adutora do Moxot\u00f3, um investimento de R$ 85 milh\u00f5es, que se integrou \u00e0s tubula\u00e7\u00f5es j\u00e1 assentadas da Adutora do Agreste.  Apenas nesta semana, al\u00e9m de Tacaimb\u00f3, as cidades de Sanhar\u00f3 e S\u00e3o Bento do Una passaram a ser atendidas pelo sistema, ainda em fase de testes. Arcoverde, Pesqueira e Belo Jardim tamb\u00e9m j\u00e1 est\u00e3o sendo abastecidas com \u00e1guas da Transposi\u00e7\u00e3o do Rio S\u00e3o Francisco. Alagoinha, Pedra, Venturosa e S\u00e3o Caetano s\u00e3o as pr\u00f3ximas cidades a serem atendidas pelo Sistema da Adutora do Agreste-Moxot\u00f3.<\/p>\n\n\n\n<p>Fotos: Alu\u00edsio Moreira.<\/p>\n","protected":false},"excerpt":{"rendered":"<p>A chegada das \u00e1guas do Rio S\u00e3o Francisco em Tacaimb\u00f3, na regi\u00e3o Agreste, tem um duplo significado para os moradores&hellip;<\/p>\n","protected":false},"author":1,"featured_media":39786,"comment_status":"closed","ping_status":"open","sticky":false,"template":"","format":"standard","meta":{"footnotes":""},"categories":[14120],"tags":[2],"class_list":["post-39785","post","type-post","status-publish","format-standard","has-post-thumbnail","hentry","category-noticias","tag-blog-do-edvaldo-magalhaes"],"_links":{"self":[{"href":"https:\/\/blogdoedvaldomagalhaes.com.br\/index.php\/wp-json\/wp\/v2\/posts\/39785","targetHints":{"allow":["GET"]}}],"collection":[{"href":"https:\/\/blogdoedvaldomagalhaes.com.br\/index.php\/wp-json\/wp\/v2\/posts"}],"about":[{"href":"https:\/\/blogdoedvaldomagalhaes.com.br\/index.php\/wp-json\/wp\/v2\/types\/post"}],"author":[{"embeddable":true,"href":"https:\/\/blogdoedvaldomagalhaes.com.br\/index.php\/wp-json\/wp\/v2\/users\/1"}],"replies":[{"embeddable":true,"href":"https:\/\/blogdoedvaldomagalhaes.com.br\/index.php\/wp-json\/wp\/v2\/comments?post=39785"}],"version-history":[{"count":1,"href":"https:\/\/blogdoedvaldomagalhaes.com.br\/index.php\/wp-json\/wp\/v2\/posts\/39785\/revisions"}],"predecessor-version":[{"id":39788,"href":"https:\/\/blogdoedvaldomagalhaes.com.br\/index.php\/wp-json\/wp\/v2\/posts\/39785\/revisions\/39788"}],"wp:featuredmedia":[{"embeddable":true,"href":"https:\/\/blogdoedvaldomagalhaes.com.br\/index.php\/wp-json\/wp\/v2\/media\/39786"}],"wp:attachment":[{"href":"https:\/\/blogdoedvaldomagalhaes.com.br\/index.php\/wp-json\/wp\/v2\/media?parent=39785"}],"wp:term":[{"taxonomy":"category","embeddable":true,"href":"https:\/\/blogdoedvaldomagalhaes.com.br\/index.php\/wp-json\/wp\/v2\/categories?post=39785"},{"taxonomy":"post_tag","embeddable":true,"href":"https:\/\/blogdoedvaldomagalhaes.com.br\/index.php\/wp-json\/wp\/v2\/tags?post=39785"}],"curies":[{"name":"wp","href":"https:\/\/api.w.org\/{rel}","templated":true}]}}