{"id":39781,"date":"2019-03-14T18:42:08","date_gmt":"2019-03-14T21:42:08","guid":{"rendered":"http:\/\/blogdoedvaldomagalhaes.com.br\/?p=39781"},"modified":"2019-03-15T17:35:16","modified_gmt":"2019-03-15T20:35:16","slug":"motociclista-colide-em-carro-e-caminhao-passa-por-cima-de-sua-perna","status":"publish","type":"post","link":"https:\/\/blogdoedvaldomagalhaes.com.br\/index.php\/2019\/03\/14\/motociclista-colide-em-carro-e-caminhao-passa-por-cima-de-sua-perna\/","title":{"rendered":"Motociclista colide em carro e caminh\u00e3o passa por cima de sua perna"},"content":{"rendered":"\n<p>O acidente de tr\u00e2nsito foi registrado na tarde desta quinta-feira (14), na via local da BR-232, sentido Caruaru\/S\u00e3o Caetano. De acordo com informa\u00e7\u00f5es da Pol\u00edcia Rodovi\u00e1ria Federal (PRF), o motociclista Josenildo In\u00e1cio da Silva, de 32 anos, aut\u00f4nomo, residente no bairro Caiuc\u00e1, se dirigia do trabalho para a sua casa, quando tentou ultrapassar um caminh\u00e3o ca\u00e7amba, colidindo na lateral de um ve\u00edculo P\u00e1lio Weekend e caindo, neste momento o caminh\u00e3o passou por cima de uma das pernas do motociclista. <\/p>\n\n\n\n<figure class=\"wp-block-image\"><img loading=\"lazy\" decoding=\"async\" width=\"1024\" height=\"576\" src=\"http:\/\/blogdoedvaldomagalhaes.com.br\/wp-content\/uploads\/2019\/03\/IMG-20190314-WA0133-1024x576.jpg\" alt=\"\" class=\"wp-image-39783\" srcset=\"https:\/\/blogdoedvaldomagalhaes.com.br\/wp-content\/uploads\/2019\/03\/IMG-20190314-WA0133-1024x576.jpg 1024w, https:\/\/blogdoedvaldomagalhaes.com.br\/wp-content\/uploads\/2019\/03\/IMG-20190314-WA0133-300x169.jpg 300w, https:\/\/blogdoedvaldomagalhaes.com.br\/wp-content\/uploads\/2019\/03\/IMG-20190314-WA0133-768x432.jpg 768w, https:\/\/blogdoedvaldomagalhaes.com.br\/wp-content\/uploads\/2019\/03\/IMG-20190314-WA0133-720x405.jpg 720w, https:\/\/blogdoedvaldomagalhaes.com.br\/wp-content\/uploads\/2019\/03\/IMG-20190314-WA0133.jpg 1032w\" sizes=\"auto, (max-width: 1024px) 100vw, 1024px\" \/><\/figure>\n\n\n\n<p>Equipes do SAMU prestaram os primeiros socorros e levaram a v\u00edtima para o Hospital Regional do Agreste (HRA).<\/p>\n\n\n\n<p>Fotos: Reprodu\u00e7\u00e3o\/WhatsApp.<\/p>\n","protected":false},"excerpt":{"rendered":"<p>O acidente de tr\u00e2nsito foi registrado na tarde desta quinta-feira (14), na via local da BR-232, sentido Caruaru\/S\u00e3o Caetano. De&hellip;<\/p>\n","protected":false},"author":1,"featured_media":39782,"comment_status":"closed","ping_status":"open","sticky":false,"template":"","format":"standard","meta":{"footnotes":""},"categories":[14120],"tags":[2,14502],"class_list":["post-39781","post","type-post","status-publish","format-standard","has-post-thumbnail","hentry","category-noticias","tag-blog-do-edvaldo-magalhaes","tag-motociclista-colide-em-carro-e-caminhao-passa-por-cima-de-sua-perna"],"_links":{"self":[{"href":"https:\/\/blogdoedvaldomagalhaes.com.br\/index.php\/wp-json\/wp\/v2\/posts\/39781","targetHints":{"allow":["GET"]}}],"collection":[{"href":"https:\/\/blogdoedvaldomagalhaes.com.br\/index.php\/wp-json\/wp\/v2\/posts"}],"about":[{"href":"https:\/\/blogdoedvaldomagalhaes.com.br\/index.php\/wp-json\/wp\/v2\/types\/post"}],"author":[{"embeddable":true,"href":"https:\/\/blogdoedvaldomagalhaes.com.br\/index.php\/wp-json\/wp\/v2\/users\/1"}],"replies":[{"embeddable":true,"href":"https:\/\/blogdoedvaldomagalhaes.com.br\/index.php\/wp-json\/wp\/v2\/comments?post=39781"}],"version-history":[{"count":2,"href":"https:\/\/blogdoedvaldomagalhaes.com.br\/index.php\/wp-json\/wp\/v2\/posts\/39781\/revisions"}],"predecessor-version":[{"id":39838,"href":"https:\/\/blogdoedvaldomagalhaes.com.br\/index.php\/wp-json\/wp\/v2\/posts\/39781\/revisions\/39838"}],"wp:featuredmedia":[{"embeddable":true,"href":"https:\/\/blogdoedvaldomagalhaes.com.br\/index.php\/wp-json\/wp\/v2\/media\/39782"}],"wp:attachment":[{"href":"https:\/\/blogdoedvaldomagalhaes.com.br\/index.php\/wp-json\/wp\/v2\/media?parent=39781"}],"wp:term":[{"taxonomy":"category","embeddable":true,"href":"https:\/\/blogdoedvaldomagalhaes.com.br\/index.php\/wp-json\/wp\/v2\/categories?post=39781"},{"taxonomy":"post_tag","embeddable":true,"href":"https:\/\/blogdoedvaldomagalhaes.com.br\/index.php\/wp-json\/wp\/v2\/tags?post=39781"}],"curies":[{"name":"wp","href":"https:\/\/api.w.org\/{rel}","templated":true}]}}