{"id":39752,"date":"2019-03-14T07:36:01","date_gmt":"2019-03-14T10:36:01","guid":{"rendered":"http:\/\/blogdoedvaldomagalhaes.com.br\/?p=39752"},"modified":"2019-03-14T07:36:08","modified_gmt":"2019-03-14T10:36:08","slug":"compesa-altera-calendario-de-abastecimento-de-agua-em-cidades-atendidas-pelo-sistema-jucazinho","status":"publish","type":"post","link":"https:\/\/blogdoedvaldomagalhaes.com.br\/index.php\/2019\/03\/14\/compesa-altera-calendario-de-abastecimento-de-agua-em-cidades-atendidas-pelo-sistema-jucazinho\/","title":{"rendered":"Compesa altera calend\u00e1rio de abastecimento de \u00e1gua em cidades atendidas pelo Sistema Jucazinho"},"content":{"rendered":"\n<p>A falta de chuvas na regi\u00e3o de influ\u00eancia da Barragem de Jucazinho, localizada no munic\u00edpio de Surubim, Agreste pernambucano, vem afetando o volume do manancial, que est\u00e1 hoje com apenas&nbsp; 2,78% da sua capacidade, o que corresponde a pouco mais de 9 milh\u00f5es de metros c\u00fabicos de \u00e1gua \u2013 do total de 327 milh\u00f5es de metros c\u00fabicos.<\/p>\n\n\n\n<p>Com o baixo n\u00edvel de \u00e1gua no reservat\u00f3rio e na tentativa de preservar o atendimento de 11 cidades da regi\u00e3o, at\u00e9 o per\u00edodo de inverno, a Compesa precisou alterar o calend\u00e1rio de abastecimento para a popula\u00e7\u00e3o desses munic\u00edpios.Os t\u00e9cnicos da Compesa est\u00e3o monitorando o volume da Barragem de Jucazinho e realizando&nbsp;c\u00e1lculos&nbsp;para retirada do volume de \u00e1gua&nbsp;com o objetivo de&nbsp;n\u00e3o deixar as cidades sem atendimento pela rede de distribui\u00e7\u00e3o.&nbsp;O novo calend\u00e1rio&nbsp; de abastecimento j\u00e1 est\u00e1 em vigor.<\/p>\n\n\n\n<p>Os&nbsp; munic\u00edpios de Passira, Cumaru e Riacho das Almas passaram a ter um regime de distribui\u00e7\u00e3o&nbsp; de oito dias com \u00e1gua e 22 dias sem. J\u00e1 nas cidades de Surubim, Casinhas, Salgadinho, Santa Maria do Cambuc\u00e1, Frei Miguelinho, Vertentes, Vertente do L\u00e9rio e Toritama o rod\u00edzio de abastecimento agora \u00e9 de 11 dias com \u00e1gua e 19 dias sem o abastecimento.A expectativa, com esse novo calend\u00e1rio, \u00e9 garantir o abastecimento de \u00e1gua at\u00e9 o per\u00edodo de chuvas na&nbsp;regi\u00e3o, que ocorre entre os meses de abril e julho. O oitavo ano consecutivo de seca afetou drasticamente a Barragem de Jucazinho, o maior reservat\u00f3rio de abastecimento humano do interior do Estado e respons\u00e1vel pelo atendimento de 240 mil pessoas nessas 11 cidades.<\/p>\n\n\n\n<p>Jucazinho entrou em colapso em setembro de 2016 e vem apresentado baixos \u00edndices de acumula\u00e7\u00e3o, tendo em vista que as chuvas registradas na regi\u00e3o n\u00e3o foram suficientes para recuperar o manancial. A \u00faltima vez que a barragem verteu foi em maio de 2011.<\/p>\n\n\n\n<p>Por Helenivaldo Pereira.<\/p>\n","protected":false},"excerpt":{"rendered":"<p>A falta de chuvas na regi\u00e3o de influ\u00eancia da Barragem de Jucazinho, localizada no munic\u00edpio de Surubim, Agreste pernambucano, vem&hellip;<\/p>\n","protected":false},"author":1,"featured_media":39753,"comment_status":"closed","ping_status":"open","sticky":false,"template":"","format":"standard","meta":{"footnotes":""},"categories":[14120],"tags":[2,14495],"class_list":["post-39752","post","type-post","status-publish","format-standard","has-post-thumbnail","hentry","category-noticias","tag-blog-do-edvaldo-magalhaes","tag-compesa-altera-calendario-de-abastecimento-de-agua-em-cidades-atendidas-pelo-sistema-jucazinho"],"_links":{"self":[{"href":"https:\/\/blogdoedvaldomagalhaes.com.br\/index.php\/wp-json\/wp\/v2\/posts\/39752","targetHints":{"allow":["GET"]}}],"collection":[{"href":"https:\/\/blogdoedvaldomagalhaes.com.br\/index.php\/wp-json\/wp\/v2\/posts"}],"about":[{"href":"https:\/\/blogdoedvaldomagalhaes.com.br\/index.php\/wp-json\/wp\/v2\/types\/post"}],"author":[{"embeddable":true,"href":"https:\/\/blogdoedvaldomagalhaes.com.br\/index.php\/wp-json\/wp\/v2\/users\/1"}],"replies":[{"embeddable":true,"href":"https:\/\/blogdoedvaldomagalhaes.com.br\/index.php\/wp-json\/wp\/v2\/comments?post=39752"}],"version-history":[{"count":1,"href":"https:\/\/blogdoedvaldomagalhaes.com.br\/index.php\/wp-json\/wp\/v2\/posts\/39752\/revisions"}],"predecessor-version":[{"id":39754,"href":"https:\/\/blogdoedvaldomagalhaes.com.br\/index.php\/wp-json\/wp\/v2\/posts\/39752\/revisions\/39754"}],"wp:featuredmedia":[{"embeddable":true,"href":"https:\/\/blogdoedvaldomagalhaes.com.br\/index.php\/wp-json\/wp\/v2\/media\/39753"}],"wp:attachment":[{"href":"https:\/\/blogdoedvaldomagalhaes.com.br\/index.php\/wp-json\/wp\/v2\/media?parent=39752"}],"wp:term":[{"taxonomy":"category","embeddable":true,"href":"https:\/\/blogdoedvaldomagalhaes.com.br\/index.php\/wp-json\/wp\/v2\/categories?post=39752"},{"taxonomy":"post_tag","embeddable":true,"href":"https:\/\/blogdoedvaldomagalhaes.com.br\/index.php\/wp-json\/wp\/v2\/tags?post=39752"}],"curies":[{"name":"wp","href":"https:\/\/api.w.org\/{rel}","templated":true}]}}