{"id":3960,"date":"2017-11-22T16:52:00","date_gmt":"2017-11-22T18:52:00","guid":{"rendered":"http:\/\/blogdoedvaldomagalhaes.com.br\/index.php\/2017\/11\/22\/ato-ecumenico-por-vitimas-de-acidentes\/"},"modified":"2019-02-09T01:53:29","modified_gmt":"2019-02-09T03:53:29","slug":"ato-ecumenico-por-vitimas-de-acidentes","status":"publish","type":"post","link":"https:\/\/blogdoedvaldomagalhaes.com.br\/index.php\/2017\/11\/22\/ato-ecumenico-por-vitimas-de-acidentes\/","title":{"rendered":"Ato ecum\u00eanico por v\u00edtimas de acidentes de tr\u00e2nsito em Caruaru s\u00e1bado (25)"},"content":{"rendered":"<div class=\"separator\" style=\"clear: both; text-align: center;\">\n<a href=\"https:\/\/2.bp.blogspot.com\/-VIagoGcyNrU\/WhWrQ7daEwI\/AAAAAAAAk7M\/q2sLo1m8ypEKTMgwAiPxeIKqyFUK__LIACLcBGAs\/s1600\/aquelews.jpg\" imageanchor=\"1\" style=\"margin-left: 1em; margin-right: 1em;\"><img loading=\"lazy\" decoding=\"async\" border=\"0\" data-original-height=\"750\" data-original-width=\"550\" height=\"400\" src=\"http:\/\/blogdoedvaldomagalhaes.com.br\/wp-content\/uploads\/2017\/11\/aquelews.png\" width=\"292\" \/><\/a><\/div>\n<div class=\"MsoNormal\" style=\"background-color: white; text-align: justify;\">\n<\/div>\n<div class=\"MsoNormal\" style=\"background-color: white; text-align: justify;\">\nA Faculdade UNINASSAU Caruaru realiza neste s\u00e1bado (25) uma cerim\u00f4nia ecum\u00eanica para celebrar o&nbsp;Dia Mundial em Mem\u00f3ria das V\u00edtimas de Acidente de Tr\u00e2nsito.&nbsp;A a\u00e7\u00e3o ocorrer\u00e1 a partir das 15h ao lado do monumento Crucifixo Automotivo, que fica na entrada das instala\u00e7\u00f5es da Faculdade. O evento \u00e9 aberto \u00e0 popula\u00e7\u00e3o e conta com o apoio do Observat\u00f3rio de Tr\u00e2nsito e Clubes de Motociclistas de Caruaru. O dia \u00e9 celebrado anualmente em 19 de novembro.<u><\/u><u><\/u><\/div>\n<div class=\"MsoNormal\" style=\"background-color: white; text-align: justify;\">\n<\/div>\n<div class=\"MsoNormal\" style=\"background-color: white; text-align: justify;\">\nAl\u00e9m das celebra\u00e7\u00f5es religiosas, de cunho ecum\u00eanico, haver\u00e1 uma apresenta\u00e7\u00e3o sobre a import\u00e2ncia desse momento reflexivo, apresentando os dados reais em acidente no Brasil e em Pernambuco, assim como dados de Caruaru e regi\u00e3o. Durante o ato, fam\u00edlias que j\u00e1 perderam parentes em acidentes de transito ou ficaram com sequelas dar\u00e3o depoimentos. Ao final, ser\u00e1 realizada uma revoada de bal\u00f5es.<u><\/u><u><\/u><\/div>\n<div class=\"MsoNormal\" style=\"background-color: white; text-align: justify;\">\n<\/div>\n<div class=\"MsoNormal\" style=\"background-color: white; text-align: justify;\">\nSegundo a diretora da UNINASSAU Caruaru, Aislane Belo, um dos principais objetivos dessa a\u00e7\u00e3o \u00e9 discutir e refletir sobre o tema. \u2018\u2019Queremos propor \u00e0 comunidade, uma maior conscientiza\u00e7\u00e3o sobre a import\u00e2ncia da preven\u00e7\u00e3o dos acidentes, como tamb\u00e9m fazer uma homenagem em mem\u00f3ria das v\u00edtimas\u2019\u2019, declara.&nbsp;<u><\/u><u><\/u><\/div>\n<div class=\"MsoNormal\" style=\"background-color: white; text-align: justify;\">\n<\/div>\n<div class=\"MsoNormal\" style=\"background-color: white; text-align: justify;\">\n<b>Sobre o Crucifixo Automotivo<u><\/u><u><\/u><\/b><\/div>\n<div class=\"MsoNormal\" style=\"background-color: white; text-align: justify;\">\nO Crucifixo automotivo \u00e9 uma campanha de sensibiliza\u00e7\u00e3o do grupo Ser Educacional dirigida aos condutores, assim como a toda a sociedade, sobre os riscos da imprud\u00eancia no tr\u00e2nsito, atrav\u00e9s da montagem de um Crucifixo de Carros como s\u00edmbolo do combate \u00e0 imprud\u00eancia no tr\u00e2nsito. O monumento tem aproximadamente 20 metros de altura e \u00e9 criado com carros semidestru\u00eddos, ap\u00f3s graves acidentes. A a\u00e7\u00e3o \u00e9 em parceria com o DETRAN-PE e o DER. Na Unidade Caruaru, localizada no Entroncamento da BR 232 com a BR 104, km 68, foi inaugurado no ano de 2013 e pode ser visitado pela popula\u00e7\u00e3o.&nbsp;<\/div>\n","protected":false},"excerpt":{"rendered":"<p>A Faculdade UNINASSAU Caruaru realiza neste s\u00e1bado (25) uma cerim\u00f4nia ecum\u00eanica para celebrar o&nbsp;Dia Mundial em Mem\u00f3ria das V\u00edtimas de&hellip;<\/p>\n","protected":false},"author":1,"featured_media":0,"comment_status":"open","ping_status":"open","sticky":false,"template":"","format":"standard","meta":{"footnotes":""},"categories":[1],"tags":[4773,2,6,4731],"class_list":["post-3960","post","type-post","status-publish","format-standard","hentry","category-sem-categoria","tag-ato-ecumenico-por-vitimas-de-acidentes-de-transito-em-caruaru-sabado-25","tag-blog-do-edvaldo-magalhaes","tag-noticias","tag-uninassau"],"_links":{"self":[{"href":"https:\/\/blogdoedvaldomagalhaes.com.br\/index.php\/wp-json\/wp\/v2\/posts\/3960","targetHints":{"allow":["GET"]}}],"collection":[{"href":"https:\/\/blogdoedvaldomagalhaes.com.br\/index.php\/wp-json\/wp\/v2\/posts"}],"about":[{"href":"https:\/\/blogdoedvaldomagalhaes.com.br\/index.php\/wp-json\/wp\/v2\/types\/post"}],"author":[{"embeddable":true,"href":"https:\/\/blogdoedvaldomagalhaes.com.br\/index.php\/wp-json\/wp\/v2\/users\/1"}],"replies":[{"embeddable":true,"href":"https:\/\/blogdoedvaldomagalhaes.com.br\/index.php\/wp-json\/wp\/v2\/comments?post=3960"}],"version-history":[{"count":1,"href":"https:\/\/blogdoedvaldomagalhaes.com.br\/index.php\/wp-json\/wp\/v2\/posts\/3960\/revisions"}],"predecessor-version":[{"id":26368,"href":"https:\/\/blogdoedvaldomagalhaes.com.br\/index.php\/wp-json\/wp\/v2\/posts\/3960\/revisions\/26368"}],"wp:attachment":[{"href":"https:\/\/blogdoedvaldomagalhaes.com.br\/index.php\/wp-json\/wp\/v2\/media?parent=3960"}],"wp:term":[{"taxonomy":"category","embeddable":true,"href":"https:\/\/blogdoedvaldomagalhaes.com.br\/index.php\/wp-json\/wp\/v2\/categories?post=3960"},{"taxonomy":"post_tag","embeddable":true,"href":"https:\/\/blogdoedvaldomagalhaes.com.br\/index.php\/wp-json\/wp\/v2\/tags?post=3960"}],"curies":[{"name":"wp","href":"https:\/\/api.w.org\/{rel}","templated":true}]}}