{"id":3959,"date":"2017-11-22T17:53:00","date_gmt":"2017-11-22T19:53:00","guid":{"rendered":"http:\/\/blogdoedvaldomagalhaes.com.br\/index.php\/2017\/11\/22\/escolas-estaduais-terao-que-implantar\/"},"modified":"2019-02-09T01:53:30","modified_gmt":"2019-02-09T03:53:30","slug":"escolas-estaduais-terao-que-implantar","status":"publish","type":"post","link":"https:\/\/blogdoedvaldomagalhaes.com.br\/index.php\/2017\/11\/22\/escolas-estaduais-terao-que-implantar\/","title":{"rendered":"Escolas Estaduais ter\u00e3o que implantar Libras como disciplina curricular"},"content":{"rendered":"<div class=\"separator\" style=\"clear: both; text-align: center;\">\n<a href=\"https:\/\/4.bp.blogspot.com\/-zqqlDjXeTBk\/WhW5dTqi1NI\/AAAAAAAAk7g\/8A4VCXzqx_wgsVMCHitCiXxyFxHLulI1QCLcBGAs\/s1600\/escola.jpg\" imageanchor=\"1\" style=\"margin-left: 1em; margin-right: 1em;\"><img loading=\"lazy\" decoding=\"async\" border=\"0\" data-original-height=\"207\" data-original-width=\"423\" height=\"193\" src=\"http:\/\/blogdoedvaldomagalhaes.com.br\/wp-content\/uploads\/2017\/11\/escola.jpg\" width=\"400\" \/><\/a><\/div>\n<div class=\"MsoNormal\" style=\"background-color: white; text-align: justify;\">\n<\/div>\n<div class=\"MsoNormal\" style=\"background-color: white; text-align: justify;\">\nEm Pernambuco, o ensino da L\u00edngua Brasileira de Sinais (Libras) ser\u00e1 obrigat\u00f3rio nas escolas estaduais a partir de 2018. A informa\u00e7\u00e3o foi divulgada atrav\u00e9s do Di\u00e1rio Oficial do Estado. Em Caruaru, todas as escolas ter\u00e3o que implantar a disciplina.&nbsp;<\/div>\n<div class=\"MsoNormal\" style=\"background-color: white; text-align: justify;\">\n<\/div>\n<div class=\"MsoNormal\" style=\"background-color: white; text-align: justify;\">\nDe acordo com o professor e int\u00e9rprete de Libras, \u00c1lvaro Ferreira,&nbsp; o estudante ou respons\u00e1vel tem a op\u00e7\u00e3o de decidir se deseja cursar Libras no ato da matr\u00edcula, conforme disposto na Lei Federal n\u00b0 10436\/2002 e no Decreto Federal n\u00b0 5.626\/2005.<\/div>\n<div class=\"MsoNormal\" style=\"background-color: white; text-align: justify;\">\n<\/div>\n<div class=\"MsoNormal\" style=\"background-color: white; text-align: justify;\">\nA medida entra em vigor para o Ensino Fundamental e Ensino M\u00e9dio. \u201cO ensino da Libras como disciplina nas escolas era um grande anseio da comunidade surda h\u00e1 muito tempo. A educa\u00e7\u00e3o inclusiva \u00e9 uma grande conquista para todos os Pernambucanos\u201d, pontua \u00c1lvaro.<\/div>\n<div class=\"MsoNormal\" style=\"background-color: white; text-align: justify;\">\n<\/div>\n<div class=\"MsoNormal\" style=\"background-color: white; text-align: justify;\">\nO Decreto entrou em vigor no Di\u00e1rio Oficial de Pernambuco no Art.69 na \u00faltima sexta-feira (17).<\/div>\n","protected":false},"excerpt":{"rendered":"<p>Em Pernambuco, o ensino da L\u00edngua Brasileira de Sinais (Libras) ser\u00e1 obrigat\u00f3rio nas escolas estaduais a partir de 2018. A&hellip;<\/p>\n","protected":false},"author":1,"featured_media":0,"comment_status":"open","ping_status":"open","sticky":false,"template":"","format":"standard","meta":{"footnotes":""},"categories":[1],"tags":[4600,2,4772,6],"class_list":["post-3959","post","type-post","status-publish","format-standard","hentry","category-sem-categoria","tag-alvaro-ferreira","tag-blog-do-edvaldo-magalhaes","tag-escolas-estaduais-terao-que-implantar-libras-como-disciplina-curricular","tag-noticias"],"_links":{"self":[{"href":"https:\/\/blogdoedvaldomagalhaes.com.br\/index.php\/wp-json\/wp\/v2\/posts\/3959","targetHints":{"allow":["GET"]}}],"collection":[{"href":"https:\/\/blogdoedvaldomagalhaes.com.br\/index.php\/wp-json\/wp\/v2\/posts"}],"about":[{"href":"https:\/\/blogdoedvaldomagalhaes.com.br\/index.php\/wp-json\/wp\/v2\/types\/post"}],"author":[{"embeddable":true,"href":"https:\/\/blogdoedvaldomagalhaes.com.br\/index.php\/wp-json\/wp\/v2\/users\/1"}],"replies":[{"embeddable":true,"href":"https:\/\/blogdoedvaldomagalhaes.com.br\/index.php\/wp-json\/wp\/v2\/comments?post=3959"}],"version-history":[{"count":1,"href":"https:\/\/blogdoedvaldomagalhaes.com.br\/index.php\/wp-json\/wp\/v2\/posts\/3959\/revisions"}],"predecessor-version":[{"id":26370,"href":"https:\/\/blogdoedvaldomagalhaes.com.br\/index.php\/wp-json\/wp\/v2\/posts\/3959\/revisions\/26370"}],"wp:attachment":[{"href":"https:\/\/blogdoedvaldomagalhaes.com.br\/index.php\/wp-json\/wp\/v2\/media?parent=3959"}],"wp:term":[{"taxonomy":"category","embeddable":true,"href":"https:\/\/blogdoedvaldomagalhaes.com.br\/index.php\/wp-json\/wp\/v2\/categories?post=3959"},{"taxonomy":"post_tag","embeddable":true,"href":"https:\/\/blogdoedvaldomagalhaes.com.br\/index.php\/wp-json\/wp\/v2\/tags?post=3959"}],"curies":[{"name":"wp","href":"https:\/\/api.w.org\/{rel}","templated":true}]}}