{"id":3954,"date":"2017-11-22T19:34:00","date_gmt":"2017-11-22T21:34:00","guid":{"rendered":"http:\/\/blogdoedvaldomagalhaes.com.br\/index.php\/2017\/11\/22\/comando-presente-traca-estrategia-para\/"},"modified":"2019-02-09T01:53:33","modified_gmt":"2019-02-09T03:53:33","slug":"comando-presente-traca-estrategia-para","status":"publish","type":"post","link":"https:\/\/blogdoedvaldomagalhaes.com.br\/index.php\/2017\/11\/22\/comando-presente-traca-estrategia-para\/","title":{"rendered":"Comando Presente tra\u00e7a estrat\u00e9gia para funcionamento da Feira da Sulanca e com\u00e9rcio de Caruaru aos domingos"},"content":{"rendered":"<div class=\"separator\" style=\"clear: both; text-align: center;\">\n<a href=\"https:\/\/4.bp.blogspot.com\/-u_D3fqHv5SY\/WhXQswEnK2I\/AAAAAAAAk88\/HJW9iZ_6PTwKvgTMzpfilezSYm_uBpMoACLcBGAs\/s1600\/coamndo.jpg\" imageanchor=\"1\" style=\"margin-left: 1em; margin-right: 1em;\"><img loading=\"lazy\" decoding=\"async\" border=\"0\" data-original-height=\"585\" data-original-width=\"1040\" height=\"225\" src=\"http:\/\/blogdoedvaldomagalhaes.com.br\/wp-content\/uploads\/2017\/11\/coamndo.jpg\" width=\"400\" \/><\/a><\/div>\n<div style=\"background-color: white; border: 0px; margin-bottom: 1.5em; outline: 0px; padding: 0px; text-align: justify; vertical-align: baseline;\">\n<\/div>\n<div style=\"background-color: white; border: 0px; margin-bottom: 1.5em; outline: 0px; padding: 0px; text-align: justify; vertical-align: baseline;\">\nComando Presente voltou a se reunir nesta quarta-feira (22), na sede do Sindloja Caruaru, para tratar do planejamento estrat\u00e9gico que ser\u00e1 colocado em pr\u00e1tica a partir do dia 26 desde m\u00eas, quando ir\u00e3o funcionar aos domingos as Feiras da Sulanca e o com\u00e9rcio do centro de Caruaru.<\/div>\n<div style=\"background-color: white; border: 0px; margin-bottom: 1.5em; outline: 0px; padding: 0px; text-align: justify; vertical-align: baseline;\">\nAs a\u00e7\u00f5es de mobilidade e limpeza urbana estiveram em pauta na reuni\u00e3o, que recebeu a apresenta\u00e7\u00e3o do plano de atua\u00e7\u00e3o da Destra e tamb\u00e9m da Secretaria de Servi\u00e7os P\u00fablicos para o Parque 18 de Maio e as \u00e1reas centrais da cidade. \u201cN\u00f3s estaremos com toda a equipe em campo, inclusive com efetivo extra nos dois dias. Ainda iremos contar com o auxilio do Detran nas fiscaliza\u00e7\u00f5es e com o apoio do Biesp. O Comando Presente funciona para n\u00f3s como um grande polo que atrai todas as entidades envolvidas com as demandas do Parque 18 de Maio, para que possamos trabalhar de forma integrada, o que otimiza as atua\u00e7\u00f5es de todos\u201d, explicou a diretora de Tr\u00e2nsito e Transporte da Destra, Adriana Leite.<\/div>\n<div style=\"background-color: white; border: 0px; margin-bottom: 1.5em; outline: 0px; padding: 0px; text-align: justify; vertical-align: baseline;\">\nSegundo o presidente do Comando Presente, Marc\u00edlio Sales, o planejamento estrat\u00e9gico para o per\u00edodo de fim de ano vem sendo tra\u00e7ado desde o in\u00edcio do segundo semestre deste ano, juntamente com as entidades e associa\u00e7\u00f5es, poder p\u00fablico e \u00f3rg\u00e3os de seguran\u00e7a. \u201cA expectativa \u00e9 que o funcionamento das feiras e das lojas do centro seja o mais seguro dos \u00faltimos anos em Caruaru, especialmente pelo refor\u00e7o do Biesp, que incrementou mais efetivo de policiais, tanto com viaturas quanto com apoio a\u00e9reo\u201d, destacou.<\/div>\n<div style=\"background-color: white; border: 0px; outline: 0px; padding: 0px; text-align: justify; vertical-align: baseline;\">\nA pr\u00f3xima reuni\u00e3o do Comando Presente est\u00e1 agendada para o dia 6 de dezembro, quando as entidades de classe, pode p\u00fablico e \u00f3rg\u00e3os de seguran\u00e7a ir\u00e3o avaliar a execu\u00e7\u00e3o dos trabalhos e poss\u00edveis adequa\u00e7\u00f5es, tanto na feira quanto no centro comercial do munic\u00edpio.<\/div>\n","protected":false},"excerpt":{"rendered":"<p>Comando Presente voltou a se reunir nesta quarta-feira (22), na sede do Sindloja Caruaru, para tratar do planejamento estrat\u00e9gico que&hellip;<\/p>\n","protected":false},"author":1,"featured_media":0,"comment_status":"open","ping_status":"open","sticky":false,"template":"","format":"standard","meta":{"footnotes":""},"categories":[1],"tags":[2,4758,6],"class_list":["post-3954","post","type-post","status-publish","format-standard","hentry","category-sem-categoria","tag-blog-do-edvaldo-magalhaes","tag-comando-presente-traca-estrategia-para-funcionamento-da-feira-da-sulanca-e-comercio-de-caruaru-aos-domingos","tag-noticias"],"_links":{"self":[{"href":"https:\/\/blogdoedvaldomagalhaes.com.br\/index.php\/wp-json\/wp\/v2\/posts\/3954","targetHints":{"allow":["GET"]}}],"collection":[{"href":"https:\/\/blogdoedvaldomagalhaes.com.br\/index.php\/wp-json\/wp\/v2\/posts"}],"about":[{"href":"https:\/\/blogdoedvaldomagalhaes.com.br\/index.php\/wp-json\/wp\/v2\/types\/post"}],"author":[{"embeddable":true,"href":"https:\/\/blogdoedvaldomagalhaes.com.br\/index.php\/wp-json\/wp\/v2\/users\/1"}],"replies":[{"embeddable":true,"href":"https:\/\/blogdoedvaldomagalhaes.com.br\/index.php\/wp-json\/wp\/v2\/comments?post=3954"}],"version-history":[{"count":1,"href":"https:\/\/blogdoedvaldomagalhaes.com.br\/index.php\/wp-json\/wp\/v2\/posts\/3954\/revisions"}],"predecessor-version":[{"id":26381,"href":"https:\/\/blogdoedvaldomagalhaes.com.br\/index.php\/wp-json\/wp\/v2\/posts\/3954\/revisions\/26381"}],"wp:attachment":[{"href":"https:\/\/blogdoedvaldomagalhaes.com.br\/index.php\/wp-json\/wp\/v2\/media?parent=3954"}],"wp:term":[{"taxonomy":"category","embeddable":true,"href":"https:\/\/blogdoedvaldomagalhaes.com.br\/index.php\/wp-json\/wp\/v2\/categories?post=3954"},{"taxonomy":"post_tag","embeddable":true,"href":"https:\/\/blogdoedvaldomagalhaes.com.br\/index.php\/wp-json\/wp\/v2\/tags?post=3954"}],"curies":[{"name":"wp","href":"https:\/\/api.w.org\/{rel}","templated":true}]}}