{"id":3953,"date":"2017-11-22T19:59:00","date_gmt":"2017-11-22T21:59:00","guid":{"rendered":"http:\/\/blogdoedvaldomagalhaes.com.br\/index.php\/2017\/11\/22\/central-anuncia-lateral-esquerdo-como\/"},"modified":"2019-02-09T01:53:33","modified_gmt":"2019-02-09T03:53:33","slug":"central-anuncia-lateral-esquerdo-como","status":"publish","type":"post","link":"https:\/\/blogdoedvaldomagalhaes.com.br\/index.php\/2017\/11\/22\/central-anuncia-lateral-esquerdo-como\/","title":{"rendered":"Central anuncia lateral esquerdo como 13\u00aa contrata\u00e7\u00e3o para 2018"},"content":{"rendered":"<div class=\"separator\" style=\"clear: both; text-align: center;\">\n<a href=\"https:\/\/4.bp.blogspot.com\/-J_Mg1U2MRZo\/WhXW9h85IQI\/AAAAAAAAk9M\/mlI2Kavx3MgHunhXwAh0rRMHyD9wjc3lgCLcBGAs\/s1600\/charles.jpg\" imageanchor=\"1\" style=\"margin-left: 1em; margin-right: 1em;\"><img loading=\"lazy\" decoding=\"async\" border=\"0\" data-original-height=\"960\" data-original-width=\"768\" height=\"400\" src=\"http:\/\/blogdoedvaldomagalhaes.com.br\/wp-content\/uploads\/2017\/11\/charles.jpg\" width=\"318\" \/><\/a><\/div>\n<div style=\"background-color: white; margin-bottom: 6px; text-align: justify;\">\n<\/div>\n<div style=\"background-color: white; margin-bottom: 6px; text-align: justify;\">\nA 13\u00b0 contrata\u00e7\u00e3o do Central para a temporada 2018 \u00e9 o lateral esquerdo Charles da Silva Ferreira, o Charles de 23 anos e natural de Macei\u00f3\/AL.<\/div>\n<div style=\"background-color: white; margin-bottom: 6px; margin-top: 6px; text-align: justify;\">\nO atleta passou por Atl\u00e9tico\/MG, Joinville\/SC, Mamor\u00e9\/MG, Rio Verde\/GO (acesso), Rio Negro\/AM (acesso) e por \u00faltimo o Herc\u00edlio Luz\/SC (acesso).<\/div>\n<div style=\"background-color: white; margin-bottom: 6px; margin-top: 6px; text-align: justify;\">\nO Central contratou at\u00e9 o momento os seguintes atletas:<\/div>\n<div class=\"text_exposed_show\" style=\"background-color: white; display: inline;\">\n<div style=\"margin-bottom: 6px;\">\n<\/div>\n<div style=\"text-align: justify;\">\nMurilo Prates &#8211; Goleiro<\/div>\n<div style=\"text-align: justify;\">\nDudu Gago &#8211; lateral direito<\/div>\n<div style=\"text-align: justify;\">\nWilliam Paulista &#8211; Zagueiro<\/div>\n<div style=\"text-align: justify;\">\nHismael &#8211; Zagueiro<\/div>\n<div style=\"text-align: justify;\">\nLuiz Felipe &#8211; Zagueiro<\/div>\n<div style=\"text-align: justify;\">\nCharles &#8211; Lateral esquerdo<\/div>\n<div style=\"text-align: justify;\">\nGraxa &#8211; Volante<\/div>\n<div style=\"text-align: justify;\">\nDouglas Carioca &#8211; Volante<\/div>\n<div style=\"text-align: justify;\">\nDanillo Rom\u00e3o &#8211; Meia<\/div>\n<div style=\"text-align: justify;\">\nPatrick &#8211; Meia Atacante<\/div>\n<div style=\"text-align: justify;\">\nLuiz\u00e3o &#8211; Atacante<\/div>\n<div style=\"text-align: justify;\">\nLucas Silva &#8211; Meia Atacante<\/div>\n<div style=\"text-align: justify;\">\nS\u00e1vio Dantas &#8211; Atacante<\/div>\n<\/div>\n","protected":false},"excerpt":{"rendered":"<p>A 13\u00b0 contrata\u00e7\u00e3o do Central para a temporada 2018 \u00e9 o lateral esquerdo Charles da Silva Ferreira, o Charles de&hellip;<\/p>\n","protected":false},"author":1,"featured_media":0,"comment_status":"open","ping_status":"open","sticky":false,"template":"","format":"standard","meta":{"footnotes":""},"categories":[1],"tags":[2,4752,4753,4325,4754,3,3827,4326,4755,4756,4757],"class_list":["post-3953","post","type-post","status-publish","format-standard","hentry","category-sem-categoria","tag-blog-do-edvaldo-magalhaes","tag-central-anuncia-lateral-esquerdo-como-13a-contratacao-para-2018","tag-charles","tag-douglas-carioca","tag-dudu-gago","tag-futebol","tag-graxa","tag-hismael","tag-luiz-felipe","tag-murilo-prates","tag-william-paulista"],"_links":{"self":[{"href":"https:\/\/blogdoedvaldomagalhaes.com.br\/index.php\/wp-json\/wp\/v2\/posts\/3953","targetHints":{"allow":["GET"]}}],"collection":[{"href":"https:\/\/blogdoedvaldomagalhaes.com.br\/index.php\/wp-json\/wp\/v2\/posts"}],"about":[{"href":"https:\/\/blogdoedvaldomagalhaes.com.br\/index.php\/wp-json\/wp\/v2\/types\/post"}],"author":[{"embeddable":true,"href":"https:\/\/blogdoedvaldomagalhaes.com.br\/index.php\/wp-json\/wp\/v2\/users\/1"}],"replies":[{"embeddable":true,"href":"https:\/\/blogdoedvaldomagalhaes.com.br\/index.php\/wp-json\/wp\/v2\/comments?post=3953"}],"version-history":[{"count":1,"href":"https:\/\/blogdoedvaldomagalhaes.com.br\/index.php\/wp-json\/wp\/v2\/posts\/3953\/revisions"}],"predecessor-version":[{"id":26383,"href":"https:\/\/blogdoedvaldomagalhaes.com.br\/index.php\/wp-json\/wp\/v2\/posts\/3953\/revisions\/26383"}],"wp:attachment":[{"href":"https:\/\/blogdoedvaldomagalhaes.com.br\/index.php\/wp-json\/wp\/v2\/media?parent=3953"}],"wp:term":[{"taxonomy":"category","embeddable":true,"href":"https:\/\/blogdoedvaldomagalhaes.com.br\/index.php\/wp-json\/wp\/v2\/categories?post=3953"},{"taxonomy":"post_tag","embeddable":true,"href":"https:\/\/blogdoedvaldomagalhaes.com.br\/index.php\/wp-json\/wp\/v2\/tags?post=3953"}],"curies":[{"name":"wp","href":"https:\/\/api.w.org\/{rel}","templated":true}]}}