{"id":3952,"date":"2017-11-22T22:33:00","date_gmt":"2017-11-23T00:33:00","guid":{"rendered":"http:\/\/blogdoedvaldomagalhaes.com.br\/index.php\/2017\/11\/22\/tony-gel-solicita-que-proprietarios-de\/"},"modified":"2019-02-09T01:53:34","modified_gmt":"2019-02-09T03:53:34","slug":"tony-gel-solicita-que-proprietarios-de","status":"publish","type":"post","link":"https:\/\/blogdoedvaldomagalhaes.com.br\/index.php\/2017\/11\/22\/tony-gel-solicita-que-proprietarios-de\/","title":{"rendered":"Tony Gel solicita que propriet\u00e1rios de ve\u00edculos inadimplentes com o Detran possam pagar d\u00edvidas com cart\u00e3o de cr\u00e9dito"},"content":{"rendered":"<div class=\"separator\" style=\"clear: both; text-align: center;\">\n<a href=\"https:\/\/1.bp.blogspot.com\/-gw-9OTt5gSA\/WhX7Tku2ezI\/AAAAAAAAk9c\/S2JASEWXcPcEqFU83qlEobSO9KPrr3F9QCLcBGAs\/s1600\/tony.jpg\" imageanchor=\"1\" style=\"margin-left: 1em; margin-right: 1em;\"><img loading=\"lazy\" decoding=\"async\" border=\"0\" data-original-height=\"512\" data-original-width=\"768\" height=\"266\" src=\"http:\/\/blogdoedvaldomagalhaes.com.br\/wp-content\/uploads\/2017\/11\/tony-1.jpg\" width=\"400\" \/><\/a><\/div>\n<div style=\"background-color: white; box-sizing: border-box; line-height: 24px; margin-bottom: 10px; text-align: justify;\">\n<\/div>\n<div style=\"background-color: white; box-sizing: border-box; line-height: 24px; margin-bottom: 10px; text-align: justify;\">\nO deputado estadual Tony Gel, do PMDB, usou a tribuna da Assembleia Legislativa, durante a reuni\u00e3o ordin\u00e1ria desta quarta-feira (22) pra apresentar uma indica\u00e7\u00e3o ao governador Paulo C\u00e2mara. Ele solicitou que os d\u00e9bitos com o Detran possam ser pagos com cart\u00e3o de cr\u00e9dito.<\/div>\n<div style=\"background-color: white; box-sizing: border-box; line-height: 24px; margin-bottom: 10px; text-align: justify;\">\nO parlamentar acredita que a permiss\u00e3o para o uso do dispositivo trar\u00e1 mais conveni\u00eancia ao cidad\u00e3o e diminuir\u00e1 a inadimpl\u00eancia com o Estado. Tony Gel lembrou que, o Estado j\u00e1 disponibiliza o parcelamento do d\u00e9bito, entretanto, o pagamento s\u00f3 pode ser feito via documento de arrecada\u00e7\u00e3o.<\/div>\n<div style=\"background-color: white; box-sizing: border-box; line-height: 24px; margin-bottom: 10px; text-align: justify;\">\nDe acordo com o deputado, esta \u00e9 uma medida que beneficiar\u00e1 n\u00e3o s\u00f3 os propriet\u00e1rios de ve\u00edculos automotores, mas tamb\u00e9m o governo do Estado, garantindo a diminui\u00e7\u00e3o acentuada da inadimpl\u00eancia. \u201cMuitas vezes, o condutor paga a primeira parcela, mas tem dificuldades de quitar o restante da d\u00edvida. O parcelamento da conta via cart\u00e3o de cr\u00e9dito facilitaria a vida do cidad\u00e3o, e garantiria o recebimento do valor pelo Estado\u201d, afirmou Tony Gel.<\/div>\n","protected":false},"excerpt":{"rendered":"<p>O deputado estadual Tony Gel, do PMDB, usou a tribuna da Assembleia Legislativa, durante a reuni\u00e3o ordin\u00e1ria desta quarta-feira (22)&hellip;<\/p>\n","protected":false},"author":1,"featured_media":0,"comment_status":"open","ping_status":"open","sticky":false,"template":"","format":"standard","meta":{"footnotes":""},"categories":[1],"tags":[2,20,4751],"class_list":["post-3952","post","type-post","status-publish","format-standard","hentry","category-sem-categoria","tag-blog-do-edvaldo-magalhaes","tag-politica","tag-tony-gel-solicita-que-proprietarios-de-veiculos-inadimplentes-com-o-detran-possam-pagar-dividas-com-cartao-de-credito"],"_links":{"self":[{"href":"https:\/\/blogdoedvaldomagalhaes.com.br\/index.php\/wp-json\/wp\/v2\/posts\/3952","targetHints":{"allow":["GET"]}}],"collection":[{"href":"https:\/\/blogdoedvaldomagalhaes.com.br\/index.php\/wp-json\/wp\/v2\/posts"}],"about":[{"href":"https:\/\/blogdoedvaldomagalhaes.com.br\/index.php\/wp-json\/wp\/v2\/types\/post"}],"author":[{"embeddable":true,"href":"https:\/\/blogdoedvaldomagalhaes.com.br\/index.php\/wp-json\/wp\/v2\/users\/1"}],"replies":[{"embeddable":true,"href":"https:\/\/blogdoedvaldomagalhaes.com.br\/index.php\/wp-json\/wp\/v2\/comments?post=3952"}],"version-history":[{"count":1,"href":"https:\/\/blogdoedvaldomagalhaes.com.br\/index.php\/wp-json\/wp\/v2\/posts\/3952\/revisions"}],"predecessor-version":[{"id":26385,"href":"https:\/\/blogdoedvaldomagalhaes.com.br\/index.php\/wp-json\/wp\/v2\/posts\/3952\/revisions\/26385"}],"wp:attachment":[{"href":"https:\/\/blogdoedvaldomagalhaes.com.br\/index.php\/wp-json\/wp\/v2\/media?parent=3952"}],"wp:term":[{"taxonomy":"category","embeddable":true,"href":"https:\/\/blogdoedvaldomagalhaes.com.br\/index.php\/wp-json\/wp\/v2\/categories?post=3952"},{"taxonomy":"post_tag","embeddable":true,"href":"https:\/\/blogdoedvaldomagalhaes.com.br\/index.php\/wp-json\/wp\/v2\/tags?post=3952"}],"curies":[{"name":"wp","href":"https:\/\/api.w.org\/{rel}","templated":true}]}}