{"id":3951,"date":"2017-11-22T22:37:00","date_gmt":"2017-11-23T00:37:00","guid":{"rendered":"http:\/\/blogdoedvaldomagalhaes.com.br\/index.php\/2017\/11\/22\/doze-municipios-irao-ganhar-unidades-do\/"},"modified":"2019-02-09T01:53:34","modified_gmt":"2019-02-09T03:53:34","slug":"doze-municipios-irao-ganhar-unidades-do","status":"publish","type":"post","link":"https:\/\/blogdoedvaldomagalhaes.com.br\/index.php\/2017\/11\/22\/doze-municipios-irao-ganhar-unidades-do\/","title":{"rendered":"Doze munic\u00edpios ir\u00e3o ganhar unidades do Corpo de Bombeiros em 2018"},"content":{"rendered":"<div class=\"separator\" style=\"clear: both; text-align: center;\">\n<a href=\"https:\/\/4.bp.blogspot.com\/-dEwzAE0k59Y\/WhX79S47VgI\/AAAAAAAAk9k\/vNFp9Ti_qigYLzoV3O1qpTs_zopnu1kkgCLcBGAs\/s1600\/bombeiros.jpg\" imageanchor=\"1\" style=\"margin-left: 1em; margin-right: 1em;\"><img loading=\"lazy\" decoding=\"async\" border=\"0\" data-original-height=\"270\" data-original-width=\"399\" height=\"268\" src=\"http:\/\/blogdoedvaldomagalhaes.com.br\/wp-content\/uploads\/2017\/11\/bombeiros.jpg\" width=\"400\" \/><\/a><\/div>\n<div class=\"MsoNormal\" style=\"text-align: justify;\">\n<\/div>\n<div class=\"MsoNormal\" style=\"text-align: justify;\">\nDoze munic\u00edpios<br \/>\npernambucanos ir\u00e3o ganhar unidades do Corpo de Bombeiros no pr\u00f3ximo ano. A<br \/>\ninforma\u00e7\u00e3o foi confirmada na R\u00e1dio Liberdade, pelo coronel Manoel Cunha, comandante geral do Corpo<br \/>\nde Bombeiros de Pernambuco. Entre os munic\u00edpios dentro do projeto de expans\u00e3o<br \/>\nest\u00e1 Toritama, a 38 km de Caruaru.<\/div>\n","protected":false},"excerpt":{"rendered":"<p>Doze munic\u00edpios pernambucanos ir\u00e3o ganhar unidades do Corpo de Bombeiros no pr\u00f3ximo ano. A informa\u00e7\u00e3o foi confirmada na R\u00e1dio Liberdade,&hellip;<\/p>\n","protected":false},"author":1,"featured_media":0,"comment_status":"open","ping_status":"open","sticky":false,"template":"","format":"standard","meta":{"footnotes":""},"categories":[1],"tags":[2,4749,4750,6],"class_list":["post-3951","post","type-post","status-publish","format-standard","hentry","category-sem-categoria","tag-blog-do-edvaldo-magalhaes","tag-coronel-manoel-cunha","tag-doze-municipios-irao-ganhar-unidades-do-corpo-de-bombeiros-em-2018","tag-noticias"],"_links":{"self":[{"href":"https:\/\/blogdoedvaldomagalhaes.com.br\/index.php\/wp-json\/wp\/v2\/posts\/3951","targetHints":{"allow":["GET"]}}],"collection":[{"href":"https:\/\/blogdoedvaldomagalhaes.com.br\/index.php\/wp-json\/wp\/v2\/posts"}],"about":[{"href":"https:\/\/blogdoedvaldomagalhaes.com.br\/index.php\/wp-json\/wp\/v2\/types\/post"}],"author":[{"embeddable":true,"href":"https:\/\/blogdoedvaldomagalhaes.com.br\/index.php\/wp-json\/wp\/v2\/users\/1"}],"replies":[{"embeddable":true,"href":"https:\/\/blogdoedvaldomagalhaes.com.br\/index.php\/wp-json\/wp\/v2\/comments?post=3951"}],"version-history":[{"count":1,"href":"https:\/\/blogdoedvaldomagalhaes.com.br\/index.php\/wp-json\/wp\/v2\/posts\/3951\/revisions"}],"predecessor-version":[{"id":26387,"href":"https:\/\/blogdoedvaldomagalhaes.com.br\/index.php\/wp-json\/wp\/v2\/posts\/3951\/revisions\/26387"}],"wp:attachment":[{"href":"https:\/\/blogdoedvaldomagalhaes.com.br\/index.php\/wp-json\/wp\/v2\/media?parent=3951"}],"wp:term":[{"taxonomy":"category","embeddable":true,"href":"https:\/\/blogdoedvaldomagalhaes.com.br\/index.php\/wp-json\/wp\/v2\/categories?post=3951"},{"taxonomy":"post_tag","embeddable":true,"href":"https:\/\/blogdoedvaldomagalhaes.com.br\/index.php\/wp-json\/wp\/v2\/tags?post=3951"}],"curies":[{"name":"wp","href":"https:\/\/api.w.org\/{rel}","templated":true}]}}