{"id":3946,"date":"2017-11-23T11:03:00","date_gmt":"2017-11-23T13:03:00","guid":{"rendered":"http:\/\/blogdoedvaldomagalhaes.com.br\/index.php\/2017\/11\/23\/selecao-simplificada-para-profissionais\/"},"modified":"2019-02-09T01:53:43","modified_gmt":"2019-02-09T03:53:43","slug":"selecao-simplificada-para-profissionais","status":"publish","type":"post","link":"https:\/\/blogdoedvaldomagalhaes.com.br\/index.php\/2017\/11\/23\/selecao-simplificada-para-profissionais\/","title":{"rendered":"Sele\u00e7\u00e3o Simplificada para profissionais de diversas \u00e1reas em Caruaru"},"content":{"rendered":"<div class=\"separator\" style=\"clear: both; text-align: center;\">\n<a href=\"https:\/\/2.bp.blogspot.com\/-U4Gu6ec5NjA\/WhaqzlOZKZI\/AAAAAAAAlEk\/yzvusuJfNeszjy4eEU0ap78vvSztCmSxQCLcBGAs\/s1600\/selel%25C3%25A3o.jpg\" imageanchor=\"1\" style=\"margin-left: 1em; margin-right: 1em;\"><img loading=\"lazy\" decoding=\"async\" border=\"0\" data-original-height=\"167\" data-original-width=\"302\" height=\"221\" src=\"http:\/\/blogdoedvaldomagalhaes.com.br\/wp-content\/uploads\/2017\/11\/selelC3A3o.jpg\" width=\"400\" \/><\/a><\/div>\n<div style=\"background-color: white; border: 0px; margin-bottom: 1.5em; outline: 0px; padding: 0px; text-align: justify; vertical-align: baseline;\">\n<\/div>\n<div style=\"background-color: white; border: 0px; margin-bottom: 1.5em; outline: 0px; padding: 0px; text-align: justify; vertical-align: baseline;\">\nA Prefeitura Municipal de Caruaru deu in\u00edcio a mais uma sele\u00e7\u00e3o simplificada. Foram abertas 35 vagas de n\u00edvel superior para as secretarias de Administra\u00e7\u00e3o, Planejamento, Or\u00e7amento e Gest\u00e3o; Fazenda e Controladoria Geral do Munic\u00edpio e mais 40 vagas de n\u00edvel m\u00e9dio para a Secretaria da Fazenda. As inscri\u00e7\u00f5es v\u00e3o at\u00e9 o dia&nbsp;<u>29 de Dezembro<\/u>&nbsp;e dever\u00e3o ser realizadas exclusivamente atrav\u00e9s do site&nbsp;<a href=\"http:\/\/selecoes.caruaru.pe.gov.br\/\" style=\"border: 0px; font-style: inherit; font-weight: inherit; margin: 0px; outline: 0px; padding: 0px; vertical-align: baseline;\"><u>selecoes.caruaru.pe.gov.br<\/u><\/a>.<\/div>\n<div style=\"background-color: white; border: 0px; margin-bottom: 1.5em; outline: 0px; padding: 0px; text-align: justify; vertical-align: baseline;\">\nAs vagas de ensino superior t\u00eam remunera\u00e7\u00e3o de R$ 3500 e s\u00e3o destinadas para formados nos cursos cursos de Administra\u00e7\u00e3o, Economia, Contabilidade, Direito, Engenharia, Computa\u00e7\u00e3o e Gest\u00e3o de Recursos Humanos. Os candidatos interessados nesta modalidade dever\u00e3o selecionar a aba \u201cSele\u00e7\u00e3o Analistas\u201d no site&nbsp;<a href=\"http:\/\/selecoes.caruaru.pe.gov.br\/\" style=\"border: 0px; font-style: inherit; font-weight: inherit; margin: 0px; outline: 0px; padding: 0px; vertical-align: baseline;\"><u>selecoes.caruaru.pe.gov.br<\/u><\/a><\/div>\n<div style=\"background-color: white; border: 0px; margin-bottom: 1.5em; outline: 0px; padding: 0px; vertical-align: baseline;\">\n<u><\/u><\/div>\n<div style=\"background-color: white; border: 0px; margin-bottom: 1.5em; outline: 0px; padding: 0px; text-align: justify; vertical-align: baseline;\">\nAs vagas de ensino m\u00e9dio t\u00eam remunera\u00e7\u00e3o de R$ 2 mil reais e est\u00e3o abertas para todos os candidatos interessados que tenham a escolaridade compat\u00edvel. Os interessados nesta modalidade dever\u00e3o selecionar a aba \u201cApoio Auditoria\u201d no site&nbsp;<a href=\"http:\/\/selecoes.caruaru.pe.gov.br\/\" style=\"border: 0px; font-style: inherit; font-weight: inherit; margin: 0px; outline: 0px; padding: 0px; vertical-align: baseline;\"><u>selecoes.caruaru.pe.gov.br<\/u><\/a><\/div>\n<div style=\"background-color: white; border: 0px; margin-bottom: 1.5em; outline: 0px; padding: 0px; text-align: justify; vertical-align: baseline;\">\nA sele\u00e7\u00e3o ser\u00e1 realizada em quatro etapas: teste on-line, prova presencial, entrevista e an\u00e1lise de t\u00edtulos. Os testes on-line s\u00e3o uma inova\u00e7\u00e3o no sistema avaliativo da Prefeitura de Caruaru e o objetivo dessa novidade \u00e9 garantir maior velocidade e transpar\u00eancia nos processos. A prova escrita e a entrevista ser\u00e3o etapas eliminat\u00f3rias. Em ambas, ser\u00e3o avaliados conhecimentos pertinentes \u00e0s \u00e1reas almejadas, comunica\u00e7\u00e3o, trabalho em grupo e outras compet\u00eancias previamente definidas. Por fim, os candidatos ainda ser\u00e3o avaliados pelos t\u00edtulos informados e ter\u00e3o sua m\u00e9dia calculada a partir do resultados das tr\u00eas \u00faltimas etapas.<\/div>\n","protected":false},"excerpt":{"rendered":"<p>A Prefeitura Municipal de Caruaru deu in\u00edcio a mais uma sele\u00e7\u00e3o simplificada. Foram abertas 35 vagas de n\u00edvel superior para&hellip;<\/p>\n","protected":false},"author":1,"featured_media":0,"comment_status":"open","ping_status":"open","sticky":false,"template":"","format":"standard","meta":{"footnotes":""},"categories":[1],"tags":[2,6,4740],"class_list":["post-3946","post","type-post","status-publish","format-standard","hentry","category-sem-categoria","tag-blog-do-edvaldo-magalhaes","tag-noticias","tag-selecao-simplificada-para-profissionais-de-diversas-areas-em-caruaru"],"_links":{"self":[{"href":"https:\/\/blogdoedvaldomagalhaes.com.br\/index.php\/wp-json\/wp\/v2\/posts\/3946","targetHints":{"allow":["GET"]}}],"collection":[{"href":"https:\/\/blogdoedvaldomagalhaes.com.br\/index.php\/wp-json\/wp\/v2\/posts"}],"about":[{"href":"https:\/\/blogdoedvaldomagalhaes.com.br\/index.php\/wp-json\/wp\/v2\/types\/post"}],"author":[{"embeddable":true,"href":"https:\/\/blogdoedvaldomagalhaes.com.br\/index.php\/wp-json\/wp\/v2\/users\/1"}],"replies":[{"embeddable":true,"href":"https:\/\/blogdoedvaldomagalhaes.com.br\/index.php\/wp-json\/wp\/v2\/comments?post=3946"}],"version-history":[{"count":1,"href":"https:\/\/blogdoedvaldomagalhaes.com.br\/index.php\/wp-json\/wp\/v2\/posts\/3946\/revisions"}],"predecessor-version":[{"id":26425,"href":"https:\/\/blogdoedvaldomagalhaes.com.br\/index.php\/wp-json\/wp\/v2\/posts\/3946\/revisions\/26425"}],"wp:attachment":[{"href":"https:\/\/blogdoedvaldomagalhaes.com.br\/index.php\/wp-json\/wp\/v2\/media?parent=3946"}],"wp:term":[{"taxonomy":"category","embeddable":true,"href":"https:\/\/blogdoedvaldomagalhaes.com.br\/index.php\/wp-json\/wp\/v2\/categories?post=3946"},{"taxonomy":"post_tag","embeddable":true,"href":"https:\/\/blogdoedvaldomagalhaes.com.br\/index.php\/wp-json\/wp\/v2\/tags?post=3946"}],"curies":[{"name":"wp","href":"https:\/\/api.w.org\/{rel}","templated":true}]}}