{"id":39452,"date":"2019-03-08T14:52:05","date_gmt":"2019-03-08T17:52:05","guid":{"rendered":"http:\/\/blogdoedvaldomagalhaes.com.br\/?p=39452"},"modified":"2019-03-08T14:52:08","modified_gmt":"2019-03-08T17:52:08","slug":"bloco-liso-fica-em-casa-neste-sabado-9-em-ibirajuba","status":"publish","type":"post","link":"https:\/\/blogdoedvaldomagalhaes.com.br\/index.php\/2019\/03\/08\/bloco-liso-fica-em-casa-neste-sabado-9-em-ibirajuba\/","title":{"rendered":"Bloco &#8216;Liso fica em casa&#8217; neste s\u00e1bado (9) em Ibirajuba"},"content":{"rendered":"\n<p>A folia de carnaval continua neste s\u00e1bado (9) na cidade de Ibirajuba, no Agreste de Pernambuco. O munic\u00edpio abre alas para receber a 7\u00aa edi\u00e7\u00e3o do animado desfile do bloco &#8216;Liso Fica em Casa&#8217;. <\/p>\n\n\n\n<p>De acordo com a organiza\u00e7\u00e3o, os foli\u00f5es ir\u00e3o percorrer as principais ruas da cidade. As atra\u00e7\u00f5es deste ano s\u00e3o Herminho Medeiros, Ed Show, Trio Pixote e pared\u00f5es de som. <\/p>\n\n\n\n<p>A concentra\u00e7\u00e3o ser\u00e1 na Academia das Cidades, a partir das 14h, com open bar para quem adquirir o kit do bloco. Mais informa\u00e7\u00f5es pelo do telefone: (81) 99267-7115.<\/p>\n\n\n\n<p><em>CURIOSIDADE<\/em> \u2013 O bloco \u2018Liso Fica em Casa\u2019 nasceu da ideia de um grupo de amigos que decidiram se reunir para brincar carnaval na pr\u00f3pria cidade, enquanto grande parte da popula\u00e7\u00e3o do munic\u00edpio viajava para as praias durante a festa de Momo. A cidade de Ibirajuba fica localizada distante 54 km de Caruaru e 180 km de Recife.<\/p>\n\n\n\n<p><em>Atenciosamente<\/em><br>\nAssessoria de Imprensa<br>\n(81) 99940-7119<\/p>\n","protected":false},"excerpt":{"rendered":"<p>A folia de carnaval continua neste s\u00e1bado (9) na cidade de Ibirajuba, no Agreste de Pernambuco. O munic\u00edpio abre alas&hellip;<\/p>\n","protected":false},"author":1,"featured_media":39453,"comment_status":"closed","ping_status":"open","sticky":false,"template":"","format":"standard","meta":{"footnotes":""},"categories":[14120],"tags":[14428,2],"class_list":["post-39452","post","type-post","status-publish","format-standard","has-post-thumbnail","hentry","category-noticias","tag-bloco-liso-fica-em-casa-neste-sabado-9-em-ibirajuba","tag-blog-do-edvaldo-magalhaes"],"_links":{"self":[{"href":"https:\/\/blogdoedvaldomagalhaes.com.br\/index.php\/wp-json\/wp\/v2\/posts\/39452","targetHints":{"allow":["GET"]}}],"collection":[{"href":"https:\/\/blogdoedvaldomagalhaes.com.br\/index.php\/wp-json\/wp\/v2\/posts"}],"about":[{"href":"https:\/\/blogdoedvaldomagalhaes.com.br\/index.php\/wp-json\/wp\/v2\/types\/post"}],"author":[{"embeddable":true,"href":"https:\/\/blogdoedvaldomagalhaes.com.br\/index.php\/wp-json\/wp\/v2\/users\/1"}],"replies":[{"embeddable":true,"href":"https:\/\/blogdoedvaldomagalhaes.com.br\/index.php\/wp-json\/wp\/v2\/comments?post=39452"}],"version-history":[{"count":1,"href":"https:\/\/blogdoedvaldomagalhaes.com.br\/index.php\/wp-json\/wp\/v2\/posts\/39452\/revisions"}],"predecessor-version":[{"id":39454,"href":"https:\/\/blogdoedvaldomagalhaes.com.br\/index.php\/wp-json\/wp\/v2\/posts\/39452\/revisions\/39454"}],"wp:featuredmedia":[{"embeddable":true,"href":"https:\/\/blogdoedvaldomagalhaes.com.br\/index.php\/wp-json\/wp\/v2\/media\/39453"}],"wp:attachment":[{"href":"https:\/\/blogdoedvaldomagalhaes.com.br\/index.php\/wp-json\/wp\/v2\/media?parent=39452"}],"wp:term":[{"taxonomy":"category","embeddable":true,"href":"https:\/\/blogdoedvaldomagalhaes.com.br\/index.php\/wp-json\/wp\/v2\/categories?post=39452"},{"taxonomy":"post_tag","embeddable":true,"href":"https:\/\/blogdoedvaldomagalhaes.com.br\/index.php\/wp-json\/wp\/v2\/tags?post=39452"}],"curies":[{"name":"wp","href":"https:\/\/api.w.org\/{rel}","templated":true}]}}