{"id":39446,"date":"2019-03-08T14:36:15","date_gmt":"2019-03-08T17:36:15","guid":{"rendered":"http:\/\/blogdoedvaldomagalhaes.com.br\/?p=39446"},"modified":"2019-03-08T14:36:16","modified_gmt":"2019-03-08T17:36:16","slug":"patrulha-maria-da-penha-4-bpm-visita-mulheres-vitimas-de-agressao-domestica-em-caruaru","status":"publish","type":"post","link":"https:\/\/blogdoedvaldomagalhaes.com.br\/index.php\/2019\/03\/08\/patrulha-maria-da-penha-4-bpm-visita-mulheres-vitimas-de-agressao-domestica-em-caruaru\/","title":{"rendered":"Patrulha Maria da Penha\/4\u00b0 BPM visita mulheres v\u00edtimas de agress\u00e3o dom\u00e9stica em Caruaru"},"content":{"rendered":"\n<p>SDS PMPE DPO DINTER1 <em>4\u00b0BPM<\/em><br> Batalh\u00e3o Barreto de Menezes<\/p>\n\n\n\n<p>Na manh\u00e3 desta sexta-feira (08\/03), o Ten Coronel GEOVANI, comandante do 4\u00b0BPM e a Capit\u00e3 CLARISSA, Coordenadora Projetos Sociais\/4\u00b0BPM fizeram parte da Patrulha Maria da Penha\/4\u00b0BPM, apoiando e observando o excelente trabalho realizado pelas equipes, as quais diariamente realizam visitas as mulheres v\u00edtimas de agress\u00e3o dom\u00e9stica em Caruaru e que solicitaram medida protetiva para afastamento do agressor.<\/p>\n\n\n\n<figure class=\"wp-block-image\"><img loading=\"lazy\" decoding=\"async\" width=\"1024\" height=\"682\" src=\"http:\/\/blogdoedvaldomagalhaes.com.br\/wp-content\/uploads\/2019\/03\/IMG-20190308-WA0060-1024x682.jpg\" alt=\"\" class=\"wp-image-39448\" srcset=\"https:\/\/blogdoedvaldomagalhaes.com.br\/wp-content\/uploads\/2019\/03\/IMG-20190308-WA0060-1024x682.jpg 1024w, https:\/\/blogdoedvaldomagalhaes.com.br\/wp-content\/uploads\/2019\/03\/IMG-20190308-WA0060-300x200.jpg 300w, https:\/\/blogdoedvaldomagalhaes.com.br\/wp-content\/uploads\/2019\/03\/IMG-20190308-WA0060-768x512.jpg 768w, https:\/\/blogdoedvaldomagalhaes.com.br\/wp-content\/uploads\/2019\/03\/IMG-20190308-WA0060.jpg 1280w\" sizes=\"auto, (max-width: 1024px) 100vw, 1024px\" \/><\/figure>\n\n\n\n<p>O servi\u00e7o ora realizado pelas(os) abnegadas (os) policiais militares da Patrulha Maria da Penha, tr\u00e1s justi\u00e7a social e nos enche de esperan\u00e7a para uma sociedade mais pac\u00edfica, sobretudo com menos feminic\u00eddio.<\/p>\n\n\n\n<figure class=\"wp-block-image\"><img loading=\"lazy\" decoding=\"async\" width=\"1024\" height=\"682\" src=\"http:\/\/blogdoedvaldomagalhaes.com.br\/wp-content\/uploads\/2019\/03\/IMG-20190308-WA0058-1024x682.jpg\" alt=\"\" class=\"wp-image-39449\" srcset=\"https:\/\/blogdoedvaldomagalhaes.com.br\/wp-content\/uploads\/2019\/03\/IMG-20190308-WA0058-1024x682.jpg 1024w, https:\/\/blogdoedvaldomagalhaes.com.br\/wp-content\/uploads\/2019\/03\/IMG-20190308-WA0058-300x200.jpg 300w, https:\/\/blogdoedvaldomagalhaes.com.br\/wp-content\/uploads\/2019\/03\/IMG-20190308-WA0058-768x512.jpg 768w, https:\/\/blogdoedvaldomagalhaes.com.br\/wp-content\/uploads\/2019\/03\/IMG-20190308-WA0058.jpg 1280w\" sizes=\"auto, (max-width: 1024px) 100vw, 1024px\" \/><\/figure>\n\n\n\n<p>Sob o Comando da <em>Soldado \u00c1UREA<\/em> e apoio do motorista da viatura <em>Soldado ALDO<\/em>, a miss\u00e3o do turno da manh\u00e3 foi encerrada \u00e0s 12h40, tendo sido observado pelo Cmt do Batalh\u00e3o, o excelente preparo t\u00e9cnico e postura dos policiais, mais sobretudo <em>a import\u00e2ncia desse trabalho.<\/em><\/p>\n\n\n\n<figure class=\"wp-block-image\"><img loading=\"lazy\" decoding=\"async\" width=\"1024\" height=\"682\" src=\"http:\/\/blogdoedvaldomagalhaes.com.br\/wp-content\/uploads\/2019\/03\/IMG-20190308-WA0057-1024x682.jpg\" alt=\"\" class=\"wp-image-39450\" srcset=\"https:\/\/blogdoedvaldomagalhaes.com.br\/wp-content\/uploads\/2019\/03\/IMG-20190308-WA0057-1024x682.jpg 1024w, https:\/\/blogdoedvaldomagalhaes.com.br\/wp-content\/uploads\/2019\/03\/IMG-20190308-WA0057-300x200.jpg 300w, https:\/\/blogdoedvaldomagalhaes.com.br\/wp-content\/uploads\/2019\/03\/IMG-20190308-WA0057-768x512.jpg 768w, https:\/\/blogdoedvaldomagalhaes.com.br\/wp-content\/uploads\/2019\/03\/IMG-20190308-WA0057.jpg 1280w\" sizes=\"auto, (max-width: 1024px) 100vw, 1024px\" \/><\/figure>\n\n\n\n<p><em>GEOVANI TEN CEL PM<\/em><br>\nCmt do 4\u00b0BPM<\/p>\n\n\n\n<p><em>WASHINGTON MAJ PM<\/em><br>\nSubcmt<\/p>\n\n\n\n<p><em>Pol\u00edcia Militar de Pernambuco, nossa presen\u00e7a sua seguran\u00e7a.<\/em><\/p>\n","protected":false},"excerpt":{"rendered":"<p>SDS PMPE DPO DINTER1 4\u00b0BPM Batalh\u00e3o Barreto de Menezes Na manh\u00e3 desta sexta-feira (08\/03), o Ten Coronel GEOVANI, comandante do&hellip;<\/p>\n","protected":false},"author":1,"featured_media":39447,"comment_status":"closed","ping_status":"open","sticky":false,"template":"","format":"standard","meta":{"footnotes":""},"categories":[14121],"tags":[2,14427],"class_list":["post-39446","post","type-post","status-publish","format-standard","has-post-thumbnail","hentry","category-policial","tag-blog-do-edvaldo-magalhaes","tag-patrulha-maria-da-penha-4-bpm-visita-mulheres-vitimas-de-agressao-domestica-em-caruaru"],"_links":{"self":[{"href":"https:\/\/blogdoedvaldomagalhaes.com.br\/index.php\/wp-json\/wp\/v2\/posts\/39446","targetHints":{"allow":["GET"]}}],"collection":[{"href":"https:\/\/blogdoedvaldomagalhaes.com.br\/index.php\/wp-json\/wp\/v2\/posts"}],"about":[{"href":"https:\/\/blogdoedvaldomagalhaes.com.br\/index.php\/wp-json\/wp\/v2\/types\/post"}],"author":[{"embeddable":true,"href":"https:\/\/blogdoedvaldomagalhaes.com.br\/index.php\/wp-json\/wp\/v2\/users\/1"}],"replies":[{"embeddable":true,"href":"https:\/\/blogdoedvaldomagalhaes.com.br\/index.php\/wp-json\/wp\/v2\/comments?post=39446"}],"version-history":[{"count":1,"href":"https:\/\/blogdoedvaldomagalhaes.com.br\/index.php\/wp-json\/wp\/v2\/posts\/39446\/revisions"}],"predecessor-version":[{"id":39451,"href":"https:\/\/blogdoedvaldomagalhaes.com.br\/index.php\/wp-json\/wp\/v2\/posts\/39446\/revisions\/39451"}],"wp:featuredmedia":[{"embeddable":true,"href":"https:\/\/blogdoedvaldomagalhaes.com.br\/index.php\/wp-json\/wp\/v2\/media\/39447"}],"wp:attachment":[{"href":"https:\/\/blogdoedvaldomagalhaes.com.br\/index.php\/wp-json\/wp\/v2\/media?parent=39446"}],"wp:term":[{"taxonomy":"category","embeddable":true,"href":"https:\/\/blogdoedvaldomagalhaes.com.br\/index.php\/wp-json\/wp\/v2\/categories?post=39446"},{"taxonomy":"post_tag","embeddable":true,"href":"https:\/\/blogdoedvaldomagalhaes.com.br\/index.php\/wp-json\/wp\/v2\/tags?post=39446"}],"curies":[{"name":"wp","href":"https:\/\/api.w.org\/{rel}","templated":true}]}}