{"id":3940,"date":"2017-11-23T22:46:00","date_gmt":"2017-11-24T00:46:00","guid":{"rendered":"http:\/\/blogdoedvaldomagalhaes.com.br\/index.php\/2017\/11\/23\/acoes-em-caruaru-alertam-para-violencia\/"},"modified":"2019-02-09T01:53:46","modified_gmt":"2019-02-09T03:53:46","slug":"acoes-em-caruaru-alertam-para-violencia","status":"publish","type":"post","link":"https:\/\/blogdoedvaldomagalhaes.com.br\/index.php\/2017\/11\/23\/acoes-em-caruaru-alertam-para-violencia\/","title":{"rendered":"A\u00e7\u00f5es em Caruaru alertam para a viol\u00eancia contra as mulheres"},"content":{"rendered":"<div class=\"separator\" style=\"clear: both; text-align: center;\">\n<a href=\"https:\/\/3.bp.blogspot.com\/-8g8nnz5afX4\/WhdPnmpovQI\/AAAAAAAAlJ8\/uUgmVSuNLGYm54zkTvkwbYBKU28ooy0qQCLcBGAs\/s1600\/violencia.jpg\" imageanchor=\"1\" style=\"margin-left: 1em; margin-right: 1em;\"><img loading=\"lazy\" decoding=\"async\" border=\"0\" data-original-height=\"1003\" data-original-width=\"1575\" height=\"253\" src=\"http:\/\/blogdoedvaldomagalhaes.com.br\/wp-content\/uploads\/2017\/11\/violencia.jpg\" width=\"400\" \/><\/a><\/div>\n<div class=\"MsoNormal\" style=\"background-color: white; text-align: justify;\">\n<\/div>\n<div class=\"MsoNormal\" style=\"background-color: white; text-align: justify;\">\nNa pr\u00f3xima segunda-feira (27), os cursos de Servi\u00e7o Social e Psicologia da Faculdade UNINASSAU Caruaru realizam uma s\u00e9rie de atividades para vivenciar o Dia Internacional de Combate \u00e0 Viol\u00eancia Contra as Mulheres, que \u00e9 anualmente celebrado no dia 25 de novembro. A\u00e7\u00f5es no centro da Capital do Agreste e nas instala\u00e7\u00f5es da pr\u00f3pria Institui\u00e7\u00e3o contar\u00e3o com a presen\u00e7a de alunos e professores dos dois cursos.&nbsp;<u><\/u><u><\/u><\/div>\n<div class=\"MsoNormal\" style=\"background-color: white; text-align: justify;\">\n<\/div>\n<div class=\"MsoNormal\" style=\"background-color: white; text-align: justify;\">\nA partir das 14h30, o Centro de Caruaru recebe uma a\u00e7\u00e3o social sobre a viol\u00eancia contra as mulheres. J\u00e1 no turno da noite, a partir das 19h, haver\u00e1 uma mesa-redonda, que abordar\u00e1 a viol\u00eancia contra a mulher, no audit\u00f3rio da UNINASSAU. Para encerrar a programa\u00e7\u00e3o, alunos dos cursos entregar\u00e3o fitas brancas nos espa\u00e7os livres da Faculdade, al\u00e9m de realizar atividades l\u00fadicas sobre a tem\u00e1tica central. S\u00f3 da Institui\u00e7\u00e3o, devem participar mais de 200 pessoas, entre professores, alunos e coordena\u00e7\u00e3o.<u><\/u><u><\/u><\/div>\n<div class=\"MsoNormal\" style=\"background-color: white; text-align: justify;\">\n<\/div>\n<div class=\"MsoNormal\" style=\"background-color: white; text-align: justify;\">\nA coordenadora do curso de Servi\u00e7o Social, Alanna Cristina, ressalta os objetivos do evento. &#8220;Um dos principais objetivos dessa a\u00e7\u00e3o \u00e9 realizar uma mobiliza\u00e7\u00e3o social para repudiar a viol\u00eancia contra as mulheres, que precisamos combater sempre, al\u00e9m de envolver os nossos alunos em atividades de responsabilidade social&#8221;.<u><\/u><u><\/u><\/div>\n<div class=\"MsoNormal\" style=\"background-color: white; text-align: justify;\">\n<\/div>\n<div class=\"MsoNormal\" style=\"background-color: white; text-align: justify;\">\n<b>Dados<u><\/u><u><\/u><\/b><\/div>\n<div class=\"MsoNormal\" style=\"background-color: white; text-align: justify;\">\nDe acordo com dados da Secretaria de Pol\u00edticas para as Mulheres (SPM), s\u00f3 no ano de 2016 a Central de Atendimento \u00e0 Mulher registrou 1.133.345 atendimentos. O n\u00famero foi 51% superior aos dados registrados no ano de 2015, que atingiu 749.024 atendimentos. A central pode ser acionada pelo telefone 180.<\/div>\n","protected":false},"excerpt":{"rendered":"<p>Na pr\u00f3xima segunda-feira (27), os cursos de Servi\u00e7o Social e Psicologia da Faculdade UNINASSAU Caruaru realizam uma s\u00e9rie de atividades&hellip;<\/p>\n","protected":false},"author":1,"featured_media":0,"comment_status":"open","ping_status":"open","sticky":false,"template":"","format":"standard","meta":{"footnotes":""},"categories":[1],"tags":[4729,2,4730,6,4731],"class_list":["post-3940","post","type-post","status-publish","format-standard","hentry","category-sem-categoria","tag-acoes-em-caruaru-alertam-para-a-violencia-contra-as-mulheres","tag-blog-do-edvaldo-magalhaes","tag-dia-internacional-de-combate-a-violencia-contra-as-mulheres","tag-noticias","tag-uninassau"],"_links":{"self":[{"href":"https:\/\/blogdoedvaldomagalhaes.com.br\/index.php\/wp-json\/wp\/v2\/posts\/3940","targetHints":{"allow":["GET"]}}],"collection":[{"href":"https:\/\/blogdoedvaldomagalhaes.com.br\/index.php\/wp-json\/wp\/v2\/posts"}],"about":[{"href":"https:\/\/blogdoedvaldomagalhaes.com.br\/index.php\/wp-json\/wp\/v2\/types\/post"}],"author":[{"embeddable":true,"href":"https:\/\/blogdoedvaldomagalhaes.com.br\/index.php\/wp-json\/wp\/v2\/users\/1"}],"replies":[{"embeddable":true,"href":"https:\/\/blogdoedvaldomagalhaes.com.br\/index.php\/wp-json\/wp\/v2\/comments?post=3940"}],"version-history":[{"count":1,"href":"https:\/\/blogdoedvaldomagalhaes.com.br\/index.php\/wp-json\/wp\/v2\/posts\/3940\/revisions"}],"predecessor-version":[{"id":26450,"href":"https:\/\/blogdoedvaldomagalhaes.com.br\/index.php\/wp-json\/wp\/v2\/posts\/3940\/revisions\/26450"}],"wp:attachment":[{"href":"https:\/\/blogdoedvaldomagalhaes.com.br\/index.php\/wp-json\/wp\/v2\/media?parent=3940"}],"wp:term":[{"taxonomy":"category","embeddable":true,"href":"https:\/\/blogdoedvaldomagalhaes.com.br\/index.php\/wp-json\/wp\/v2\/categories?post=3940"},{"taxonomy":"post_tag","embeddable":true,"href":"https:\/\/blogdoedvaldomagalhaes.com.br\/index.php\/wp-json\/wp\/v2\/tags?post=3940"}],"curies":[{"name":"wp","href":"https:\/\/api.w.org\/{rel}","templated":true}]}}