{"id":3939,"date":"2017-11-23T22:54:00","date_gmt":"2017-11-24T00:54:00","guid":{"rendered":"http:\/\/blogdoedvaldomagalhaes.com.br\/index.php\/2017\/11\/23\/mostra-de-cinema-curta-na-serra-promove\/"},"modified":"2019-02-09T01:53:47","modified_gmt":"2019-02-09T03:53:47","slug":"mostra-de-cinema-curta-na-serra-promove","status":"publish","type":"post","link":"https:\/\/blogdoedvaldomagalhaes.com.br\/index.php\/2017\/11\/23\/mostra-de-cinema-curta-na-serra-promove\/","title":{"rendered":"Mostra de Cinema &#8220;Curta na Serra&#8221; promove Agito Cultural em Serra Negra"},"content":{"rendered":"<p><\/p>\n<div class=\"separator\" style=\"clear: both; text-align: center;\">\n<a href=\"https:\/\/1.bp.blogspot.com\/-R0LXvPJGkIw\/WhdQR8yDvXI\/AAAAAAAAlKE\/nDN1dgWtiXcRRjb-1ags_XnV6KRvScQ5QCLcBGAs\/s1600\/8.jpg\" imageanchor=\"1\" style=\"margin-left: 1em; margin-right: 1em;\"><img loading=\"lazy\" decoding=\"async\" border=\"0\" data-original-height=\"800\" data-original-width=\"800\" height=\"400\" src=\"http:\/\/blogdoedvaldomagalhaes.com.br\/wp-content\/uploads\/2017\/11\/8.jpg\" width=\"400\" \/><\/a><\/div>\n<div style=\"text-align: justify;\">\n<\/div>\n<div style=\"text-align: justify;\">\n1\u00ba Edi\u00e7\u00e3o do Curta na Serra \u2013 Mostra de Cinema ao Ar Livre acontece entre os dias 24 e 26 de novembro, no distrito de Serra Negra, em Bezerros, promovendo uma s\u00e9rie de atividades culturais.<\/div>\n<p><\/p>\n<div class=\"separator\" style=\"clear: both; text-align: center;\">\n<a href=\"https:\/\/4.bp.blogspot.com\/-m7FmprFenIA\/WhdQXx1ufgI\/AAAAAAAAlKI\/1qOy3kjkKh4TT5EXQsktrmsrzF4N12uYwCLcBGAs\/s1600\/7.jpg\" imageanchor=\"1\" style=\"margin-left: 1em; margin-right: 1em;\"><img loading=\"lazy\" decoding=\"async\" border=\"0\" data-original-height=\"800\" data-original-width=\"800\" height=\"400\" src=\"http:\/\/blogdoedvaldomagalhaes.com.br\/wp-content\/uploads\/2017\/11\/7-2.jpg\" width=\"400\" \/><\/a><\/div>\n<div style=\"text-align: justify;\">\n<\/div>\n<div style=\"text-align: justify;\">\nConhecida pelo turismo ecol\u00f3gico, Serra Negra vai sediar sua primeira mostra cinematogr\u00e1fica. Tendo como pano de fundo uma das mais bonitas paisagens do interior do Estado, o evento apresenta a produ\u00e7\u00e3o de curtas-metragens pernambucanos para o p\u00fablico do agreste, no intuito de difundir as obras audiovisuais fora do circuito comercial. Com acesso gratuito, as sess\u00f5es acontecer\u00e3o no anfiteatro de Serra Negra, localizado a pouco mais de 100km do Recife.<\/div>\n<div class=\"separator\" style=\"clear: both; text-align: center;\">\n<a href=\"https:\/\/3.bp.blogspot.com\/-KLk7IJZ4MBU\/WhdQcGM7HKI\/AAAAAAAAlKM\/KdpcEaymfu0QP6r3ADHDm4Y8kLG0NI6LACLcBGAs\/s1600\/9.jpg\" imageanchor=\"1\" style=\"margin-left: 1em; margin-right: 1em;\"><img loading=\"lazy\" decoding=\"async\" border=\"0\" data-original-height=\"800\" data-original-width=\"800\" height=\"400\" src=\"http:\/\/blogdoedvaldomagalhaes.com.br\/wp-content\/uploads\/2017\/11\/9.jpg\" width=\"400\" \/><\/a><\/div>\n<div style=\"text-align: justify;\">\n<\/div>\n<div style=\"text-align: justify;\">\nA programa\u00e7\u00e3o contempla os g\u00eaneros fic\u00e7\u00e3o, document\u00e1rio, anima\u00e7\u00e3o e experimental, organizados em panoramas tem\u00e1ticos que ser\u00e3o debatidos ap\u00f3s a exibi\u00e7\u00e3o. A proposta curatorial vai apresentar filmes que dialoguem com as diferentes realidades do p\u00fablico do interior.<\/div>\n<div class=\"separator\" style=\"clear: both; text-align: center;\">\n<a href=\"https:\/\/3.bp.blogspot.com\/-otR3-MmmBIs\/WhdQgUjXOXI\/AAAAAAAAlKQ\/E8BZzilvyksIw-wST8fzoposw7beBD7ugCLcBGAs\/s1600\/6.jpg\" imageanchor=\"1\" style=\"margin-left: 1em; margin-right: 1em;\"><img loading=\"lazy\" decoding=\"async\" border=\"0\" data-original-height=\"800\" data-original-width=\"800\" height=\"400\" src=\"http:\/\/blogdoedvaldomagalhaes.com.br\/wp-content\/uploads\/2017\/11\/6-2.jpg\" width=\"400\" \/><\/a><\/div>\n<div style=\"text-align: justify;\">\n<\/div>\n<div style=\"text-align: justify;\">\nOs homenageados desta edi\u00e7\u00e3o s\u00e3o a atriz paraibana Zezita Matos, por sua vasta contribui\u00e7\u00e3o ao cinema nacional; e o artista bezerrense J. Borges, que \u00e9 Patrim\u00f4nio Vivo de Pernambuco e assina a identidade visual do evento.<\/div>\n<div class=\"separator\" style=\"clear: both; text-align: center;\">\n<a href=\"https:\/\/1.bp.blogspot.com\/-by48vfxPByc\/WhdQljLJ9HI\/AAAAAAAAlKU\/0yskWCFFUDIJkOaYvEzBfXXbdp_CS5clgCLcBGAs\/s1600\/4.jpg\" imageanchor=\"1\" style=\"margin-left: 1em; margin-right: 1em;\"><img loading=\"lazy\" decoding=\"async\" border=\"0\" data-original-height=\"800\" data-original-width=\"800\" height=\"400\" src=\"http:\/\/blogdoedvaldomagalhaes.com.br\/wp-content\/uploads\/2017\/11\/4-7.jpg\" width=\"400\" \/><\/a><\/div>\n<div style=\"text-align: justify;\">\n<\/div>\n<div style=\"text-align: justify;\">\nPor ser uma regi\u00e3o carente em salas de cinema, este tipo de atividade possibilita a forma\u00e7\u00e3o do olhar cr\u00edtico de novos p\u00fablicos, reiterando a import\u00e2ncia de mais eventos de difus\u00e3o no interior.&nbsp; No cerne deste debate, idealizadores de mostras e festivais ser\u00e3o convidados para uma Roda de Di\u00e1logos, onde o principal eixo tem\u00e1tico ser\u00e1 interioriza\u00e7\u00e3o e visibilidade.<\/div>\n<div class=\"separator\" style=\"clear: both; text-align: center;\">\n<a href=\"https:\/\/2.bp.blogspot.com\/-xJNgroBeWig\/WhdQpy-jt-I\/AAAAAAAAlKY\/0tyLKHy4Vt4xdXTeqmlPUMlV8mRtPvBQACLcBGAs\/s1600\/3.jpg\" imageanchor=\"1\" style=\"margin-left: 1em; margin-right: 1em;\"><img loading=\"lazy\" decoding=\"async\" border=\"0\" data-original-height=\"800\" data-original-width=\"800\" height=\"400\" src=\"http:\/\/blogdoedvaldomagalhaes.com.br\/wp-content\/uploads\/2017\/11\/3-5.jpg\" width=\"400\" \/><\/a><\/div>\n<div style=\"text-align: justify;\">\n<\/div>\n<div style=\"text-align: justify;\">\nNa etapa de forma\u00e7\u00e3o, as oficinas Documentando e Da Poesia ao V\u00eddeo ir\u00e3o contemplar estudantes da rede municipal de ensino, como forma de est\u00edmulo \u00e0 inicia\u00e7\u00e3o audiovisual. Ao final das aulas, as obras produzidas pelos alunos ser\u00e3o convidadas a integrar uma das sess\u00f5es da Mostra.<\/div>\n<div class=\"separator\" style=\"clear: both; text-align: center;\">\n<\/div>\n<div style=\"text-align: justify;\">\n<\/div>\n<div style=\"text-align: justify;\">\n\u201cSerra Negra \u00e9 um espa\u00e7o muito prop\u00edcio \u00e0 imers\u00e3o audiovisual. Por se tratar de um lugar pouco movimentado em boa parte do ano, a Serra preserva as caracter\u00edsticas de uma pequena vila interiorana, mas com grande potencial tur\u00edstico. O repert\u00f3rio de atividades oferecidas ao p\u00fablico varia de trilhas e caminhadas durante o dia, a bares e restaurantes \u00e0 noite. \u00c9 neste contexto charmoso que iremos inserir a Mostra\u201d, afirmam Marlom Meirelles e Eva Jofilsan, idealizadores do projeto.<\/div>\n<div class=\"separator\" style=\"clear: both; text-align: center;\">\n<a href=\"https:\/\/4.bp.blogspot.com\/-h6XCz_9G5uo\/WhdQuDbh5QI\/AAAAAAAAlKg\/3WX07cc5QPM675nq5is6zLFnpyxkOJTEACEwYBhgL\/s1600\/2.jpg\" imageanchor=\"1\" style=\"margin-left: 1em; margin-right: 1em;\"><img loading=\"lazy\" decoding=\"async\" border=\"0\" data-original-height=\"800\" data-original-width=\"800\" height=\"400\" src=\"http:\/\/blogdoedvaldomagalhaes.com.br\/wp-content\/uploads\/2017\/11\/2-7.jpg\" width=\"400\" \/><\/a><\/div>\n<div style=\"text-align: justify;\">\n<\/div>\n<div style=\"text-align: justify;\">\nDurante os tr\u00eas dias de evento, o Polo de Serra Negra tamb\u00e9m contar\u00e1 com o Festival de Bolos, Doces, Gastronomia e Cultura, promovendo uma rodada de neg\u00f3cios com 42 expositores locais que ir\u00e3o comercializar produtos da regi\u00e3o.<\/div>\n<div style=\"text-align: justify;\">\n<\/div>\n<div style=\"text-align: justify;\">\nAs sess\u00f5es ir\u00e3o come\u00e7ar sempre \u00e0s 19h e ap\u00f3s a exibi\u00e7\u00e3o dos filmes o p\u00fablico poder\u00e1 conferir uma programa\u00e7\u00e3o musical in\u00e9dita na regi\u00e3o. O Som na Rural vir\u00e1 pela primeira vez \u00e0 Bezerros, juntamente com artistas como Isabela Moraes e Flaira Ferro. O after ser\u00e1 na Bodega de V\u00e9io, que j\u00e1 \u00e9 atra\u00e7\u00e3o tradicional na cidade.<\/div>\n<div style=\"text-align: justify;\">\n<\/div>\n<div style=\"text-align: justify;\">\nO Curta na Serra \u2013 Mostra de Cinema ao Ar Livre \u00e9 uma realiza\u00e7\u00e3o da Eixo Audiovisual com a co-produ\u00e7\u00e3o da Espiral Filmes, em parceria com a Prefeitura Municipal de Bezerros e incentivo do Funcultura \/ Governo de Pernambuco.<\/div>\n<div style=\"text-align: justify;\">\n<\/p>\n<div class=\"separator\" style=\"clear: both; text-align: center;\">\n<a href=\"https:\/\/1.bp.blogspot.com\/-3fIkhbw4pVo\/WhdRA5jvxnI\/AAAAAAAAlKk\/pRjpb-JDwb07qYDxKpX-rLJbP9opFZV5gCLcBGAs\/s1600\/1.jpg\" imageanchor=\"1\" style=\"margin-left: 1em; margin-right: 1em;\"><img loading=\"lazy\" decoding=\"async\" border=\"0\" data-original-height=\"1600\" data-original-width=\"1143\" height=\"400\" src=\"http:\/\/blogdoedvaldomagalhaes.com.br\/wp-content\/uploads\/2017\/11\/1-8.jpg\" width=\"282\" \/><\/a><\/div>\n<\/div>\n<div style=\"text-align: justify;\">\n<\/div>\n<div style=\"text-align: justify;\">\n<b>PROGRAMA\u00c7\u00c3O DE FILMES<\/b><\/div>\n<div style=\"text-align: justify;\">\n<\/div>\n<div style=\"text-align: justify;\">\n24\/11 &#8211; PANORAMA 01 | AFETOS E CONEX\u00d5ES<\/div>\n<div style=\"text-align: justify;\">\nDia estrelado | Nara Normande | Anima\u00e7\u00e3o, 17min, 2011<\/div>\n<div style=\"text-align: justify;\">\nA lembran\u00e7a que eu gosto de ter | Filipe Carvalho | Document\u00e1rio, 25min, 2017<\/div>\n<div style=\"text-align: justify;\">\nJo\u00e3o Heleno dos Brito | Neco Tabosa | Fic\u00e7\u00e3o, 20 minutos, 2014&nbsp;&nbsp;<\/div>\n<div style=\"text-align: justify;\">\nSimbiose | J\u00falia Morim | Document\u00e1rio, 20min, 2017<\/div>\n<div style=\"text-align: justify;\">\nAzul | Eric Laurence | Fic\u00e7\u00e3o, 10 minutos, 2012<\/div>\n<div style=\"text-align: justify;\">\n<\/div>\n<div style=\"text-align: justify;\">\n25\/11 &#8211; PANORAMA 02 | LIBERDADES E (R)EXIST\u00caNCIAS<\/div>\n<div style=\"text-align: justify;\">\nGarotas da moda | Tuca Siqueira | Fic\u00e7\u00e3o, 20min, 2012<\/div>\n<div style=\"text-align: justify;\">\nA cena e a cana | Bruno Cab\u00fas, Paulo Leonardo | Anima\u00e7\u00e3o, 02min, 2014<\/div>\n<div style=\"text-align: justify;\">\nNan\u00e3 | Rafael Amorim Albuquerque | Fic\u00e7\u00e3o, 25min, 2017<\/div>\n<div style=\"text-align: justify;\">\nMayra est\u00e1 bem | Juliana Lima | Document\u00e1rio, 8min, 2017<\/div>\n<div style=\"text-align: justify;\">\nIman\u00eancia | Breno C\u00e9sar | Experimental, 9min, 2017<\/div>\n<div style=\"text-align: justify;\">\nFotogr\u00c1FRICA | Tila Chitunda | Document\u00e1rio, 25min, 2016<\/div>\n<div style=\"text-align: justify;\">\n<\/div>\n<div style=\"text-align: justify;\">\n26\/11 &#8211; PANORAMA 03 | OLHARES EXPANSIVOS<\/div>\n<div style=\"text-align: justify;\">\nSalu e o cavalo marinho | Cec\u00edlia da Fonte | Anima\u00e7\u00e3o, 13min, 2014<\/div>\n<div style=\"text-align: justify;\">\nO que se memora | Caio Dornelas e Ernesto Rodrigues | Document\u00e1rio, 10min, 2014<\/div>\n<div style=\"text-align: justify;\">\nM\u00e3os de barro | Graci Guarani e Alexandre Pankararu | Document\u00e1rio, 20min, 2016<\/div>\n<div style=\"text-align: justify;\">\nO cangaceiro | Dire\u00e7\u00e3o: Marcos Buccini | Anima\u00e7\u00e3o, 5min, 2012<\/div>\n<div style=\"text-align: justify;\">\nN\u00e3o tem s\u00f3 mandacaru | Tauana Uch\u00f4a | Document\u00e1rio, 20 min, 2016<\/div>\n<div style=\"text-align: justify;\">\nGeisiely com Y | Mery Lemos | Fic\u00e7\u00e3o, 15min, 2017<\/div>\n<div style=\"text-align: justify;\">\n<\/div>\n<div style=\"text-align: justify;\">\nCuradoria de Amanda Ramos.<\/div>\n<div style=\"text-align: justify;\">\n<\/div>\n<div style=\"text-align: justify;\">\n<b>PROGRAMA\u00c7\u00c3O \u2013 POLO DE SERRA NEGRA<\/b><\/div>\n<div style=\"text-align: justify;\">\n<\/div>\n<div style=\"text-align: justify;\">\nSexta-feira (24\/11)<\/div>\n<div style=\"text-align: justify;\">\n18h &#8211; Abertura dos stands de gastronomia e artesanato<\/div>\n<div style=\"text-align: justify;\">\n19h &#8211; Mostra Curta na Serra | Abertura oficial | Homenagem \u00e0 atriz Zezita Matos | Exibi\u00e7\u00e3o de filmes do Panorama 01 &#8211; Afetos e Conex\u00f5es<\/div>\n<div style=\"text-align: justify;\">\n21h &#8211; Som na Rural com Isabela Moraes<\/div>\n<div style=\"text-align: justify;\">\n<\/div>\n<div style=\"text-align: justify;\">\nS\u00e1bado (25\/11)<\/div>\n<div style=\"text-align: justify;\">\n14h &#8211; Abertura dos stands de gastronomia e artesanato<\/div>\n<div style=\"text-align: justify;\">\n19h &#8211; Mostra Curta na Serra | Homenagem ao artista J. Borges &#8211; Exibi\u00e7\u00e3o de filmes do Panorama 02 &#8211; Liberdades e (R)exist\u00eancias<\/div>\n<div style=\"text-align: justify;\">\n21h &#8211; Som na Rural com Flaira Ferro<\/div>\n<div style=\"text-align: justify;\">\n23h &#8211; After na Bodega de V\u00e9io com Banda de P\u00edfanos Z\u00e9 do Estado e Maciel Sal\u00fa<\/div>\n<div style=\"text-align: justify;\">\n<\/div>\n<div style=\"text-align: justify;\">\nDomingo (26\/11)<\/div>\n<div style=\"text-align: justify;\">\n10h &#8211; Abertura dos stands de gastronomia e artesanato<\/div>\n<div style=\"text-align: justify;\">\n15h &#8211; Bal\u00e9 Popular Papanguarte | Morganna Bernardo | Ciel Santos<\/div>\n<div style=\"text-align: justify;\">\n19h &#8211; Mostra Curta na Serra | Exibi\u00e7\u00e3o de filmes do Panorama 03 &#8211; Olhares Expansivos | Encerramento<\/div>\n","protected":false},"excerpt":{"rendered":"<p>1\u00ba Edi\u00e7\u00e3o do Curta na Serra \u2013 Mostra de Cinema ao Ar Livre acontece entre os dias 24 e 26&hellip;<\/p>\n","protected":false},"author":1,"featured_media":0,"comment_status":"open","ping_status":"open","sticky":false,"template":"","format":"standard","meta":{"footnotes":""},"categories":[1],"tags":[1548,2,4728,6,2862],"class_list":["post-3939","post","type-post","status-publish","format-standard","hentry","category-sem-categoria","tag-bezerros","tag-blog-do-edvaldo-magalhaes","tag-mostra-de-cinema-curta-na-serra-promove-agito-cultural-em-serra-negra","tag-noticias","tag-ultimas-noticias"],"_links":{"self":[{"href":"https:\/\/blogdoedvaldomagalhaes.com.br\/index.php\/wp-json\/wp\/v2\/posts\/3939","targetHints":{"allow":["GET"]}}],"collection":[{"href":"https:\/\/blogdoedvaldomagalhaes.com.br\/index.php\/wp-json\/wp\/v2\/posts"}],"about":[{"href":"https:\/\/blogdoedvaldomagalhaes.com.br\/index.php\/wp-json\/wp\/v2\/types\/post"}],"author":[{"embeddable":true,"href":"https:\/\/blogdoedvaldomagalhaes.com.br\/index.php\/wp-json\/wp\/v2\/users\/1"}],"replies":[{"embeddable":true,"href":"https:\/\/blogdoedvaldomagalhaes.com.br\/index.php\/wp-json\/wp\/v2\/comments?post=3939"}],"version-history":[{"count":1,"href":"https:\/\/blogdoedvaldomagalhaes.com.br\/index.php\/wp-json\/wp\/v2\/posts\/3939\/revisions"}],"predecessor-version":[{"id":26459,"href":"https:\/\/blogdoedvaldomagalhaes.com.br\/index.php\/wp-json\/wp\/v2\/posts\/3939\/revisions\/26459"}],"wp:attachment":[{"href":"https:\/\/blogdoedvaldomagalhaes.com.br\/index.php\/wp-json\/wp\/v2\/media?parent=3939"}],"wp:term":[{"taxonomy":"category","embeddable":true,"href":"https:\/\/blogdoedvaldomagalhaes.com.br\/index.php\/wp-json\/wp\/v2\/categories?post=3939"},{"taxonomy":"post_tag","embeddable":true,"href":"https:\/\/blogdoedvaldomagalhaes.com.br\/index.php\/wp-json\/wp\/v2\/tags?post=3939"}],"curies":[{"name":"wp","href":"https:\/\/api.w.org\/{rel}","templated":true}]}}