{"id":39117,"date":"2019-02-27T22:50:28","date_gmt":"2019-02-28T01:50:28","guid":{"rendered":"http:\/\/blogdoedvaldomagalhaes.com.br\/?p=39117"},"modified":"2019-02-27T22:50:31","modified_gmt":"2019-02-28T01:50:31","slug":"bloco-segura-a-linguica-em-caruaru-nesta-quinta-28","status":"publish","type":"post","link":"https:\/\/blogdoedvaldomagalhaes.com.br\/index.php\/2019\/02\/27\/bloco-segura-a-linguica-em-caruaru-nesta-quinta-28\/","title":{"rendered":"Bloco Segura a Lingui\u00e7a em Caruaru nesta quinta (28)"},"content":{"rendered":"\n<p>O Bloco Segura a Lingui\u00e7a, ser\u00e1 realizado nesta quinta-feira (27), a partir das 20h, na Pra\u00e7a 14 de Julho, no centro de Caruaru, com a Orquestra do Menininho.  A organiza\u00e7\u00e3o \u00e9 Alexandre Fa\u00edsca. <\/p>\n","protected":false},"excerpt":{"rendered":"<p>O Bloco Segura a Lingui\u00e7a, ser\u00e1 realizado nesta quinta-feira (27), a partir das 20h, na Pra\u00e7a 14 de Julho, no&hellip;<\/p>\n","protected":false},"author":1,"featured_media":39118,"comment_status":"closed","ping_status":"open","sticky":false,"template":"","format":"standard","meta":{"footnotes":""},"categories":[14120],"tags":[14347,2,3791,1973],"class_list":["post-39117","post","type-post","status-publish","format-standard","has-post-thumbnail","hentry","category-noticias","tag-bloco-segura-a-linguica-em-caruaru-nesta-quinta-28","tag-blog-do-edvaldo-magalhaes","tag-centro-de-caruaru","tag-praca-14-de-julho"],"_links":{"self":[{"href":"https:\/\/blogdoedvaldomagalhaes.com.br\/index.php\/wp-json\/wp\/v2\/posts\/39117","targetHints":{"allow":["GET"]}}],"collection":[{"href":"https:\/\/blogdoedvaldomagalhaes.com.br\/index.php\/wp-json\/wp\/v2\/posts"}],"about":[{"href":"https:\/\/blogdoedvaldomagalhaes.com.br\/index.php\/wp-json\/wp\/v2\/types\/post"}],"author":[{"embeddable":true,"href":"https:\/\/blogdoedvaldomagalhaes.com.br\/index.php\/wp-json\/wp\/v2\/users\/1"}],"replies":[{"embeddable":true,"href":"https:\/\/blogdoedvaldomagalhaes.com.br\/index.php\/wp-json\/wp\/v2\/comments?post=39117"}],"version-history":[{"count":1,"href":"https:\/\/blogdoedvaldomagalhaes.com.br\/index.php\/wp-json\/wp\/v2\/posts\/39117\/revisions"}],"predecessor-version":[{"id":39119,"href":"https:\/\/blogdoedvaldomagalhaes.com.br\/index.php\/wp-json\/wp\/v2\/posts\/39117\/revisions\/39119"}],"wp:featuredmedia":[{"embeddable":true,"href":"https:\/\/blogdoedvaldomagalhaes.com.br\/index.php\/wp-json\/wp\/v2\/media\/39118"}],"wp:attachment":[{"href":"https:\/\/blogdoedvaldomagalhaes.com.br\/index.php\/wp-json\/wp\/v2\/media?parent=39117"}],"wp:term":[{"taxonomy":"category","embeddable":true,"href":"https:\/\/blogdoedvaldomagalhaes.com.br\/index.php\/wp-json\/wp\/v2\/categories?post=39117"},{"taxonomy":"post_tag","embeddable":true,"href":"https:\/\/blogdoedvaldomagalhaes.com.br\/index.php\/wp-json\/wp\/v2\/tags?post=39117"}],"curies":[{"name":"wp","href":"https:\/\/api.w.org\/{rel}","templated":true}]}}