{"id":39078,"date":"2019-02-27T12:44:51","date_gmt":"2019-02-27T15:44:51","guid":{"rendered":"http:\/\/blogdoedvaldomagalhaes.com.br\/?p=39078"},"modified":"2019-02-27T12:44:53","modified_gmt":"2019-02-27T15:44:53","slug":"comercio-de-caruaru-fecha-as-portas-sabado-2-e-so-reabre-na-quinta-feira-7","status":"publish","type":"post","link":"https:\/\/blogdoedvaldomagalhaes.com.br\/index.php\/2019\/02\/27\/comercio-de-caruaru-fecha-as-portas-sabado-2-e-so-reabre-na-quinta-feira-7\/","title":{"rendered":"Com\u00e9rcio de Caruaru fecha as portas s\u00e1bado (2) e s\u00f3 reabre na quinta-feira (7)"},"content":{"rendered":"\n<p>Este ano, os pernambucanos foram beneficiados com mais um dia no feriad\u00e3o de Carnaval. Com o feriado estadual da Carta Magna, na quarta-feira de Cinzas (06), as atividades nas reparti\u00e7\u00f5es p\u00fablicas, com\u00e9rcio e bancos s\u00f3 ser\u00e3o retomadas na quinta (07).<\/p>\n\n\n\n<p>Em Caruaru, o com\u00e9rcio do centro da cidade funcionar\u00e1 no s\u00e1bado e s\u00f3 reabre na quinta. O centro de compras F\u00e1brica da Moda e lojas do entorno do Parque 18 de Maio estar\u00e3o abertas no s\u00e1bado at\u00e9 15h, reabrindo somente na quinta.<\/p>\n\n\n\n<p>O Polo Caruaru, localizado \u00e0s margens da BR-104, tamb\u00e9m estar\u00e1 fechado durante o Carnaval, retornando \u00e0s atividades na quinta, das 9h \u00e0s 18h.<\/p>\n\n\n\n<p>No Caruaru Shopping, localizado no bairro Indian\u00f3polis, as lojas e quiosques funcionar\u00e3o em hor\u00e1rio reduzido durante o Carnaval, das 12h \u00e0s 20h. Na ter\u00e7a, estar\u00e1 fechado.<\/p>\n\n\n\n<p>No Shopping Difusora, que fica na Avenida Agamenon Magalh\u00e3es, bairro Maur\u00edcio de Nassau, lojas e quiosques abrem no hor\u00e1rio das 11h \u00e0s 20h. Na ter\u00e7a, o centro de compras tamb\u00e9m estar\u00e1 fechado.<\/p>\n","protected":false},"excerpt":{"rendered":"<p>Este ano, os pernambucanos foram beneficiados com mais um dia no feriad\u00e3o de Carnaval. Com o feriado estadual da Carta&hellip;<\/p>\n","protected":false},"author":1,"featured_media":39079,"comment_status":"closed","ping_status":"open","sticky":false,"template":"","format":"standard","meta":{"footnotes":""},"categories":[14120],"tags":[2,14327],"class_list":["post-39078","post","type-post","status-publish","format-standard","has-post-thumbnail","hentry","category-noticias","tag-blog-do-edvaldo-magalhaes","tag-comercio-de-caruaru-fecha-as-portas-sabado-2-e-so-reabre-na-quinta-feira-7"],"_links":{"self":[{"href":"https:\/\/blogdoedvaldomagalhaes.com.br\/index.php\/wp-json\/wp\/v2\/posts\/39078","targetHints":{"allow":["GET"]}}],"collection":[{"href":"https:\/\/blogdoedvaldomagalhaes.com.br\/index.php\/wp-json\/wp\/v2\/posts"}],"about":[{"href":"https:\/\/blogdoedvaldomagalhaes.com.br\/index.php\/wp-json\/wp\/v2\/types\/post"}],"author":[{"embeddable":true,"href":"https:\/\/blogdoedvaldomagalhaes.com.br\/index.php\/wp-json\/wp\/v2\/users\/1"}],"replies":[{"embeddable":true,"href":"https:\/\/blogdoedvaldomagalhaes.com.br\/index.php\/wp-json\/wp\/v2\/comments?post=39078"}],"version-history":[{"count":1,"href":"https:\/\/blogdoedvaldomagalhaes.com.br\/index.php\/wp-json\/wp\/v2\/posts\/39078\/revisions"}],"predecessor-version":[{"id":39080,"href":"https:\/\/blogdoedvaldomagalhaes.com.br\/index.php\/wp-json\/wp\/v2\/posts\/39078\/revisions\/39080"}],"wp:featuredmedia":[{"embeddable":true,"href":"https:\/\/blogdoedvaldomagalhaes.com.br\/index.php\/wp-json\/wp\/v2\/media\/39079"}],"wp:attachment":[{"href":"https:\/\/blogdoedvaldomagalhaes.com.br\/index.php\/wp-json\/wp\/v2\/media?parent=39078"}],"wp:term":[{"taxonomy":"category","embeddable":true,"href":"https:\/\/blogdoedvaldomagalhaes.com.br\/index.php\/wp-json\/wp\/v2\/categories?post=39078"},{"taxonomy":"post_tag","embeddable":true,"href":"https:\/\/blogdoedvaldomagalhaes.com.br\/index.php\/wp-json\/wp\/v2\/tags?post=39078"}],"curies":[{"name":"wp","href":"https:\/\/api.w.org\/{rel}","templated":true}]}}