{"id":39075,"date":"2019-02-26T23:22:44","date_gmt":"2019-02-27T02:22:44","guid":{"rendered":"http:\/\/blogdoedvaldomagalhaes.com.br\/?p=39075"},"modified":"2019-02-26T23:24:04","modified_gmt":"2019-02-27T02:24:04","slug":"santa-cruz-perde-invencibilidade-para-o-vitoria-pe-na-arena","status":"publish","type":"post","link":"https:\/\/blogdoedvaldomagalhaes.com.br\/index.php\/2019\/02\/26\/santa-cruz-perde-invencibilidade-para-o-vitoria-pe-na-arena\/","title":{"rendered":"Santa Cruz perde invencibilidade para o Vit\u00f3ria\/PE na Arena"},"content":{"rendered":"\n<p>O Santa Cruz perdeu para o Vit\u00f3ria-PE por 3\u00d70, na noite desta ter\u00e7a-feira (26), na Arena de Pernambuco, pela 7\u00aa rodada do Campeonato Pernambucano. Os gols foram marcados por Rafael Ara\u00fajo, Fabinho Vit\u00f3ria e Erverson.<\/p>\n\n\n\n<p>Mesmo com a derrota, o Tricolor segue l\u00edder do Estadual com 13 pontos, mas pode ser ultrapassado por Central, N\u00e1utico e Sport, que ainda jogam nesta rodada. J\u00e1 o Vit\u00f3ria chegou aos 7 pontos e assume a s\u00e9tima posi\u00e7\u00e3o.<\/p>\n\n\n\n<p>O Santa viaja no pr\u00f3ximo s\u00e1bado (02) para S\u00e3o Luiz do Maranh\u00e3o, onde joga contra o Moto Clube pela Copa do Nordeste. O Vit\u00f3ria volta a campo no dia 13 de mar\u00e7o, contra o Petrolina, no Sert\u00e3o, pelo Pernambucano.<\/p>\n\n\n\n<p>Por Helenivaldo Pereira.<\/p>\n\n\n\n<p>Foto: Genival Fernandes.<\/p>\n","protected":false},"excerpt":{"rendered":"<p>O Santa Cruz perdeu para o Vit\u00f3ria-PE por 3\u00d70, na noite desta ter\u00e7a-feira (26), na Arena de Pernambuco, pela 7\u00aa&hellip;<\/p>\n","protected":false},"author":1,"featured_media":39076,"comment_status":"closed","ping_status":"open","sticky":false,"template":"","format":"standard","meta":{"footnotes":""},"categories":[14123],"tags":[2,14326],"class_list":["post-39075","post","type-post","status-publish","format-standard","has-post-thumbnail","hentry","category-futebol","tag-blog-do-edvaldo-magalhaes","tag-santa-cruz-perde-invencibilidade-para-o-vitoria-pe-na-arena"],"_links":{"self":[{"href":"https:\/\/blogdoedvaldomagalhaes.com.br\/index.php\/wp-json\/wp\/v2\/posts\/39075","targetHints":{"allow":["GET"]}}],"collection":[{"href":"https:\/\/blogdoedvaldomagalhaes.com.br\/index.php\/wp-json\/wp\/v2\/posts"}],"about":[{"href":"https:\/\/blogdoedvaldomagalhaes.com.br\/index.php\/wp-json\/wp\/v2\/types\/post"}],"author":[{"embeddable":true,"href":"https:\/\/blogdoedvaldomagalhaes.com.br\/index.php\/wp-json\/wp\/v2\/users\/1"}],"replies":[{"embeddable":true,"href":"https:\/\/blogdoedvaldomagalhaes.com.br\/index.php\/wp-json\/wp\/v2\/comments?post=39075"}],"version-history":[{"count":1,"href":"https:\/\/blogdoedvaldomagalhaes.com.br\/index.php\/wp-json\/wp\/v2\/posts\/39075\/revisions"}],"predecessor-version":[{"id":39077,"href":"https:\/\/blogdoedvaldomagalhaes.com.br\/index.php\/wp-json\/wp\/v2\/posts\/39075\/revisions\/39077"}],"wp:featuredmedia":[{"embeddable":true,"href":"https:\/\/blogdoedvaldomagalhaes.com.br\/index.php\/wp-json\/wp\/v2\/media\/39076"}],"wp:attachment":[{"href":"https:\/\/blogdoedvaldomagalhaes.com.br\/index.php\/wp-json\/wp\/v2\/media?parent=39075"}],"wp:term":[{"taxonomy":"category","embeddable":true,"href":"https:\/\/blogdoedvaldomagalhaes.com.br\/index.php\/wp-json\/wp\/v2\/categories?post=39075"},{"taxonomy":"post_tag","embeddable":true,"href":"https:\/\/blogdoedvaldomagalhaes.com.br\/index.php\/wp-json\/wp\/v2\/tags?post=39075"}],"curies":[{"name":"wp","href":"https:\/\/api.w.org\/{rel}","templated":true}]}}