{"id":39064,"date":"2019-02-26T17:57:23","date_gmt":"2019-02-26T20:57:23","guid":{"rendered":"http:\/\/blogdoedvaldomagalhaes.com.br\/?p=39064"},"modified":"2019-02-26T17:57:27","modified_gmt":"2019-02-26T20:57:27","slug":"retiros-catolicos-em-caruaru-durante-o-carnaval-confira","status":"publish","type":"post","link":"https:\/\/blogdoedvaldomagalhaes.com.br\/index.php\/2019\/02\/26\/retiros-catolicos-em-caruaru-durante-o-carnaval-confira\/","title":{"rendered":"Retiros cat\u00f3licos em Caruaru durante o carnaval; Confira"},"content":{"rendered":"\n<p>As festividades de Carnaval iniciam neste fim de semana, mas nem todo mundo gosta de cair na folia e aproveitar blocos e as festas de rua. Por isso, quem opta por fugir da agita\u00e7\u00e3o, pode viver experi\u00eancias com Deus, consigo mesmo e preparar-se para o in\u00edcio da Quaresma. <\/p>\n\n\n\n<p>Os retiros de Carnaval s\u00e3o uma boa pedida para esse p\u00fablico. Prega\u00e7\u00f5es, medita\u00e7\u00f5es, missas, momentos de ora\u00e7\u00e3o e adora\u00e7\u00e3o, testemunhos e shows musicais poder\u00e3o ser aproveitados por quem for participar dos eventos, realizados pelas comunidades cat\u00f3licas da Diocese de Caruaru. <\/p>\n\n\n\n<p>Confira alguns dos retiros que ser\u00e3o realizados em Caruaru e cidades vizinhas: <\/p>\n\n\n\n<p>Retiro de Carnaval &#8211; Restaura\u00e7\u00e3o <br>\nDias: 02 a 06 de mar\u00e7o <br>\nTema: Cada dia uma nova oportunidade de fazer a vontade de Deus <br>\nInscri\u00e7\u00f5es: (81) 9.9621-2350\/ (81) 3721-7915<br>\nOp\u00e7\u00f5es de inscri\u00e7\u00f5es: <\/p>\n\n\n\n<ol class=\"wp-block-list\"><li>Retiro aberto<\/li><li>Com alojamento e refei\u00e7\u00f5es <\/li><li>S\u00f3 alojamento<br>\nLocal: Centro de Evangeliza\u00e7\u00e3o Sagrada Fam\u00edlia. Rua Jos\u00e9 Belmino s\/n &#8211; estrada de Agrestina (logo ap\u00f3s o Hospital Regional do Agreste (HRA) <br>\nParticipa\u00e7\u00e3o de Abner Santos <\/li><\/ol>\n\n\n\n<p>XXXIV Retiro de Carnaval &#8211; Comunidade Cat\u00f3lica Manain<br>\nDias: 02 a 06 de mar\u00e7o <br>\nTema: Volta para o Senhor teu Deus <br>\nLocal: Escola T\u00e9cnica Estadual (ETE) Ministro Fernando Lyra, em frente aos Hotel Village, em Caruaru. <br>\nInscri\u00e7\u00f5es e informa\u00e7\u00f5es:  (81) 9.9697-6893\/(81) 9.9389-7978<\/p>\n\n\n\n<p>Retiro Renascer &#8211; Shalom <br>\nDias: 03 a 05 de mar\u00e7o<br>\nHor\u00e1rio: a partir das 8h30<br>\nEntrada gratuita <br>\nInforma\u00e7\u00f5es: (81) 9.8943-7570<\/p>\n\n\n\n<p>\u00c9 Nakair\u00f3s Carnaval <br>\nDias: 1\u00ba a 5 de mar\u00e7o <br>\nInscri\u00e7\u00e3o: R$ 60 (inclui alimenta\u00e7\u00e3o)<br>\nLocal: Ring\u00e3o da Comunidade Cat\u00f3lica Rair\u00f3s, BR-104, km 22, Vila do Socorro, em Taquaritinga do Norte)<br>\nInforma\u00e7\u00f5es: (81) 9.9960-5769<\/p>\n\n\n\n<p>Retiro de Carnaval <br>\nDias: 02 a 05 de mar\u00e7o <br>\nTema: Proclamai o ano da gra\u00e7a do Senhor <br>\nLocal: Sal\u00e3o Paroquial da Igreja de Nossa Senhora Aparecida, em Caruaru<br>\nRealiza\u00e7\u00e3o: Comunidade Sagrado Cora\u00e7\u00e3o de Maria <br>\nInforma\u00e7\u00f5es: (81) 9.9104-4146<\/p>\n\n\n\n<p>Retiro de Carnaval <br>\nDias: 02 a 05 de mar\u00e7o<br>\nLocal: Col\u00e9gio prof. Machadinho, S\u00e3o Francisco <br>\nRealiza\u00e7\u00e3o: Comunidade Obra de Maria<br>\nInforma\u00e7\u00f5es: (81) 3719-0397<\/p>\n","protected":false},"excerpt":{"rendered":"<p>As festividades de Carnaval iniciam neste fim de semana, mas nem todo mundo gosta de cair na folia e aproveitar&hellip;<\/p>\n","protected":false},"author":1,"featured_media":39065,"comment_status":"closed","ping_status":"open","sticky":false,"template":"","format":"standard","meta":{"footnotes":""},"categories":[14120],"tags":[2,1950,14325],"class_list":["post-39064","post","type-post","status-publish","format-standard","has-post-thumbnail","hentry","category-noticias","tag-blog-do-edvaldo-magalhaes","tag-noticias-de-caruaru","tag-retiros-catolicos-em-caruaru-durante-o-carnaval-confira"],"_links":{"self":[{"href":"https:\/\/blogdoedvaldomagalhaes.com.br\/index.php\/wp-json\/wp\/v2\/posts\/39064","targetHints":{"allow":["GET"]}}],"collection":[{"href":"https:\/\/blogdoedvaldomagalhaes.com.br\/index.php\/wp-json\/wp\/v2\/posts"}],"about":[{"href":"https:\/\/blogdoedvaldomagalhaes.com.br\/index.php\/wp-json\/wp\/v2\/types\/post"}],"author":[{"embeddable":true,"href":"https:\/\/blogdoedvaldomagalhaes.com.br\/index.php\/wp-json\/wp\/v2\/users\/1"}],"replies":[{"embeddable":true,"href":"https:\/\/blogdoedvaldomagalhaes.com.br\/index.php\/wp-json\/wp\/v2\/comments?post=39064"}],"version-history":[{"count":1,"href":"https:\/\/blogdoedvaldomagalhaes.com.br\/index.php\/wp-json\/wp\/v2\/posts\/39064\/revisions"}],"predecessor-version":[{"id":39066,"href":"https:\/\/blogdoedvaldomagalhaes.com.br\/index.php\/wp-json\/wp\/v2\/posts\/39064\/revisions\/39066"}],"wp:featuredmedia":[{"embeddable":true,"href":"https:\/\/blogdoedvaldomagalhaes.com.br\/index.php\/wp-json\/wp\/v2\/media\/39065"}],"wp:attachment":[{"href":"https:\/\/blogdoedvaldomagalhaes.com.br\/index.php\/wp-json\/wp\/v2\/media?parent=39064"}],"wp:term":[{"taxonomy":"category","embeddable":true,"href":"https:\/\/blogdoedvaldomagalhaes.com.br\/index.php\/wp-json\/wp\/v2\/categories?post=39064"},{"taxonomy":"post_tag","embeddable":true,"href":"https:\/\/blogdoedvaldomagalhaes.com.br\/index.php\/wp-json\/wp\/v2\/tags?post=39064"}],"curies":[{"name":"wp","href":"https:\/\/api.w.org\/{rel}","templated":true}]}}