{"id":39035,"date":"2019-02-26T12:47:24","date_gmt":"2019-02-26T15:47:24","guid":{"rendered":"http:\/\/blogdoedvaldomagalhaes.com.br\/?p=39035"},"modified":"2019-02-26T12:47:26","modified_gmt":"2019-02-26T15:47:26","slug":"fraude-nos-cartoes-leva-passa-a-gerar-processo-criminal","status":"publish","type":"post","link":"https:\/\/blogdoedvaldomagalhaes.com.br\/index.php\/2019\/02\/26\/fraude-nos-cartoes-leva-passa-a-gerar-processo-criminal\/","title":{"rendered":"Fraude nos cart\u00f5es LEVA passa a gerar processo criminal"},"content":{"rendered":"\n<p> At\u00e9 o pr\u00f3ximo dia \u202a28 de fevereiro\u202c, a Associa\u00e7\u00e3o das Empresas de Transportes de Passageiros de Caruaru ( AETPC) est\u00e1 realizando o processo de recadastramento dos cart\u00f5es LEVA estudanre rural e idoso. O procedimento foi iniciado no dia 4 de janeiro. O recadastramento tem como objetivo reduzir os n\u00fameros de fraudes no setor de transporte p\u00fablico.<br>Outra media adotada pela AETPC para reduzir o impacto das fraudes nos cart\u00f5es dos benefici\u00e1rios de gratuidades foi pleitear junto ao Minist\u00e9rio P\u00fablico de Pernambuco que as fraudes constatadas no sistema de biometria sejam cab\u00edveis de processo criminal.<\/p>\n\n\n\n<p><br>A partir de agora, quem for pego praticando irregularidades na utiliza\u00e7\u00e3o dos cart\u00f5es de bilhetagem eletr\u00f4nica da cidade dever\u00e1 responder a processo criminal. As fraudes ser\u00e3o comunicadas as autoridades e a Central de Inquerito do Minist\u00e9rio P\u00fablico de Pernambuco. A medida passou a valer deste a \u00faltima ter\u00e7a-feira (12).<\/p>\n\n\n\n<p><br>A solicita\u00e7\u00e3o foi feita pela AETPC e acatada pelo MPPE e tem como finalidade combater o uso indevido dos cart\u00f5es LEVA, combatendo a fraude no setor.<\/p>\n\n\n\n<p><br>Para o diretor institucional da AETPC, Ricardo Henrique, fraudes no setor oneram o sistema e prejudicam a coletividade. \u201cO uso indevido do benef\u00edcio no sistema de transporte \u00e9 um dos problemas graves que enfrentamos na maioria das cidades brasileiras. \u00c9 importante respeitar o direito das pessoas , usando corretamente o ben\u00e9fico conquistado para evitar a suspens\u00e3o do mesmo\u201d, disse. <\/p>\n","protected":false},"excerpt":{"rendered":"<p>At\u00e9 o pr\u00f3ximo dia \u202a28 de fevereiro\u202c, a Associa\u00e7\u00e3o das Empresas de Transportes de Passageiros de Caruaru ( AETPC) est\u00e1&hellip;<\/p>\n","protected":false},"author":1,"featured_media":39036,"comment_status":"closed","ping_status":"open","sticky":false,"template":"","format":"standard","meta":{"footnotes":""},"categories":[14120],"tags":[2,14323],"class_list":["post-39035","post","type-post","status-publish","format-standard","has-post-thumbnail","hentry","category-noticias","tag-blog-do-edvaldo-magalhaes","tag-fraude-nos-cartoes-leva-passa-a-gerar-processo-criminal"],"_links":{"self":[{"href":"https:\/\/blogdoedvaldomagalhaes.com.br\/index.php\/wp-json\/wp\/v2\/posts\/39035","targetHints":{"allow":["GET"]}}],"collection":[{"href":"https:\/\/blogdoedvaldomagalhaes.com.br\/index.php\/wp-json\/wp\/v2\/posts"}],"about":[{"href":"https:\/\/blogdoedvaldomagalhaes.com.br\/index.php\/wp-json\/wp\/v2\/types\/post"}],"author":[{"embeddable":true,"href":"https:\/\/blogdoedvaldomagalhaes.com.br\/index.php\/wp-json\/wp\/v2\/users\/1"}],"replies":[{"embeddable":true,"href":"https:\/\/blogdoedvaldomagalhaes.com.br\/index.php\/wp-json\/wp\/v2\/comments?post=39035"}],"version-history":[{"count":1,"href":"https:\/\/blogdoedvaldomagalhaes.com.br\/index.php\/wp-json\/wp\/v2\/posts\/39035\/revisions"}],"predecessor-version":[{"id":39037,"href":"https:\/\/blogdoedvaldomagalhaes.com.br\/index.php\/wp-json\/wp\/v2\/posts\/39035\/revisions\/39037"}],"wp:featuredmedia":[{"embeddable":true,"href":"https:\/\/blogdoedvaldomagalhaes.com.br\/index.php\/wp-json\/wp\/v2\/media\/39036"}],"wp:attachment":[{"href":"https:\/\/blogdoedvaldomagalhaes.com.br\/index.php\/wp-json\/wp\/v2\/media?parent=39035"}],"wp:term":[{"taxonomy":"category","embeddable":true,"href":"https:\/\/blogdoedvaldomagalhaes.com.br\/index.php\/wp-json\/wp\/v2\/categories?post=39035"},{"taxonomy":"post_tag","embeddable":true,"href":"https:\/\/blogdoedvaldomagalhaes.com.br\/index.php\/wp-json\/wp\/v2\/tags?post=39035"}],"curies":[{"name":"wp","href":"https:\/\/api.w.org\/{rel}","templated":true}]}}