{"id":39032,"date":"2019-02-26T12:23:39","date_gmt":"2019-02-26T15:23:39","guid":{"rendered":"http:\/\/blogdoedvaldomagalhaes.com.br\/?p=39032"},"modified":"2019-02-26T12:23:41","modified_gmt":"2019-02-26T15:23:41","slug":"estudantes-sao-vitimas-de-assaltantes-em-toritama","status":"publish","type":"post","link":"https:\/\/blogdoedvaldomagalhaes.com.br\/index.php\/2019\/02\/26\/estudantes-sao-vitimas-de-assaltantes-em-toritama\/","title":{"rendered":"Estudantes s\u00e3o v\u00edtimas de assaltantes em Toritama"},"content":{"rendered":"\n<p>V\u00e1rios estudantes foram assaltados na manh\u00e3 desta ter\u00e7a-feira (26), em Toritama, Agreste pernambucano. Os alunos estavam em uma van, por tr\u00e1s do Parque das Feiras, quando dois suspeitos chegaram armados e renderam o motorista.<\/p>\n\n\n\n<p>Os bandidos levaram mais de 10 celulares e outros pertences das v\u00edtimas, al\u00e9m da chave do ve\u00edculo. A a\u00e7\u00e3o dos marginais aconteceu \u00e0s 6h50 e foi registrada por c\u00e2meras de seguran\u00e7a.<\/p>\n\n\n\n<p>Por Helenivaldo Pereira.<\/p>\n","protected":false},"excerpt":{"rendered":"<p>V\u00e1rios estudantes foram assaltados na manh\u00e3 desta ter\u00e7a-feira (26), em Toritama, Agreste pernambucano. Os alunos estavam em uma van, por&hellip;<\/p>\n","protected":false},"author":1,"featured_media":39033,"comment_status":"closed","ping_status":"open","sticky":false,"template":"","format":"standard","meta":{"footnotes":""},"categories":[14121],"tags":[546,2,14322,1479,8862],"class_list":["post-39032","post","type-post","status-publish","format-standard","has-post-thumbnail","hentry","category-policial","tag-agreste-de-pernambuco","tag-blog-do-edvaldo-magalhaes","tag-estudantes-sao-vitimas-de-assaltantes-em-toritama","tag-noticias-policiais","tag-parque-das-feiras"],"_links":{"self":[{"href":"https:\/\/blogdoedvaldomagalhaes.com.br\/index.php\/wp-json\/wp\/v2\/posts\/39032","targetHints":{"allow":["GET"]}}],"collection":[{"href":"https:\/\/blogdoedvaldomagalhaes.com.br\/index.php\/wp-json\/wp\/v2\/posts"}],"about":[{"href":"https:\/\/blogdoedvaldomagalhaes.com.br\/index.php\/wp-json\/wp\/v2\/types\/post"}],"author":[{"embeddable":true,"href":"https:\/\/blogdoedvaldomagalhaes.com.br\/index.php\/wp-json\/wp\/v2\/users\/1"}],"replies":[{"embeddable":true,"href":"https:\/\/blogdoedvaldomagalhaes.com.br\/index.php\/wp-json\/wp\/v2\/comments?post=39032"}],"version-history":[{"count":1,"href":"https:\/\/blogdoedvaldomagalhaes.com.br\/index.php\/wp-json\/wp\/v2\/posts\/39032\/revisions"}],"predecessor-version":[{"id":39034,"href":"https:\/\/blogdoedvaldomagalhaes.com.br\/index.php\/wp-json\/wp\/v2\/posts\/39032\/revisions\/39034"}],"wp:featuredmedia":[{"embeddable":true,"href":"https:\/\/blogdoedvaldomagalhaes.com.br\/index.php\/wp-json\/wp\/v2\/media\/39033"}],"wp:attachment":[{"href":"https:\/\/blogdoedvaldomagalhaes.com.br\/index.php\/wp-json\/wp\/v2\/media?parent=39032"}],"wp:term":[{"taxonomy":"category","embeddable":true,"href":"https:\/\/blogdoedvaldomagalhaes.com.br\/index.php\/wp-json\/wp\/v2\/categories?post=39032"},{"taxonomy":"post_tag","embeddable":true,"href":"https:\/\/blogdoedvaldomagalhaes.com.br\/index.php\/wp-json\/wp\/v2\/tags?post=39032"}],"curies":[{"name":"wp","href":"https:\/\/api.w.org\/{rel}","templated":true}]}}