{"id":38995,"date":"2019-02-25T13:09:05","date_gmt":"2019-02-25T16:09:05","guid":{"rendered":"http:\/\/blogdoedvaldomagalhaes.com.br\/?p=38995"},"modified":"2019-02-25T13:11:01","modified_gmt":"2019-02-25T16:11:01","slug":"morre-no-rio-de-janeiro-ator-dartagnan-junior","status":"publish","type":"post","link":"https:\/\/blogdoedvaldomagalhaes.com.br\/index.php\/2019\/02\/25\/morre-no-rio-de-janeiro-ator-dartagnan-junior\/","title":{"rendered":"Morre no Rio de Janeiro ator D\u2019Artagnan J\u00fanior"},"content":{"rendered":"\n<p>O ator Jos\u00e9 D&#8217;Artagnan Junior, de 64 anos,\u00a0morreu ontem, no Rio de Janeiro. Paulista, D&#8217;Artagnan\u00a0estava internado h\u00e1 tr\u00eas semanas com problemas no f\u00edgado e sofria de Hepatite C e Pancreatite.\u00a0 O ator era casado com a autora Maria Carmem Barbosa, que escreveu, ao lado de Miguel Falabella, as novelas &#8220;Salsa e Merengue&#8221; e &#8220;A Lua me Disse&#8221;.<\/p>\n\n\n\n<p>O ator atuou nas  nas novelas  A Sucessora (1978), P\u00e1tria Minha (1994), Andando nas Nuvens (1999) e Salve Jorge (2012). Salsa e Merengue (1996), A Lua Me Disse (2005), Neg\u00f3cio da China (2008) e Aquele Beijo (2011). <\/p>\n","protected":false},"excerpt":{"rendered":"<p>O ator Jos\u00e9 D&#8217;Artagnan Junior, de 64 anos,\u00a0morreu ontem, no Rio de Janeiro. Paulista, D&#8217;Artagnan\u00a0estava internado h\u00e1 tr\u00eas semanas com&hellip;<\/p>\n","protected":false},"author":1,"featured_media":38996,"comment_status":"closed","ping_status":"open","sticky":false,"template":"","format":"standard","meta":{"footnotes":""},"categories":[14120],"tags":[2,14314,14313],"class_list":["post-38995","post","type-post","status-publish","format-standard","has-post-thumbnail","hentry","category-noticias","tag-blog-do-edvaldo-magalhaes","tag-miguel-falabella","tag-morre-no-rio-de-janeiro-ator-dartagnan-junior"],"_links":{"self":[{"href":"https:\/\/blogdoedvaldomagalhaes.com.br\/index.php\/wp-json\/wp\/v2\/posts\/38995","targetHints":{"allow":["GET"]}}],"collection":[{"href":"https:\/\/blogdoedvaldomagalhaes.com.br\/index.php\/wp-json\/wp\/v2\/posts"}],"about":[{"href":"https:\/\/blogdoedvaldomagalhaes.com.br\/index.php\/wp-json\/wp\/v2\/types\/post"}],"author":[{"embeddable":true,"href":"https:\/\/blogdoedvaldomagalhaes.com.br\/index.php\/wp-json\/wp\/v2\/users\/1"}],"replies":[{"embeddable":true,"href":"https:\/\/blogdoedvaldomagalhaes.com.br\/index.php\/wp-json\/wp\/v2\/comments?post=38995"}],"version-history":[{"count":2,"href":"https:\/\/blogdoedvaldomagalhaes.com.br\/index.php\/wp-json\/wp\/v2\/posts\/38995\/revisions"}],"predecessor-version":[{"id":38999,"href":"https:\/\/blogdoedvaldomagalhaes.com.br\/index.php\/wp-json\/wp\/v2\/posts\/38995\/revisions\/38999"}],"wp:featuredmedia":[{"embeddable":true,"href":"https:\/\/blogdoedvaldomagalhaes.com.br\/index.php\/wp-json\/wp\/v2\/media\/38996"}],"wp:attachment":[{"href":"https:\/\/blogdoedvaldomagalhaes.com.br\/index.php\/wp-json\/wp\/v2\/media?parent=38995"}],"wp:term":[{"taxonomy":"category","embeddable":true,"href":"https:\/\/blogdoedvaldomagalhaes.com.br\/index.php\/wp-json\/wp\/v2\/categories?post=38995"},{"taxonomy":"post_tag","embeddable":true,"href":"https:\/\/blogdoedvaldomagalhaes.com.br\/index.php\/wp-json\/wp\/v2\/tags?post=38995"}],"curies":[{"name":"wp","href":"https:\/\/api.w.org\/{rel}","templated":true}]}}