{"id":3899,"date":"2017-11-27T23:37:00","date_gmt":"2017-11-28T01:37:00","guid":{"rendered":"http:\/\/blogdoedvaldomagalhaes.com.br\/index.php\/2017\/11\/27\/sepultados-corpos-de-mae-filho-e-baba\/"},"modified":"2019-02-09T01:54:23","modified_gmt":"2019-02-09T03:54:23","slug":"sepultados-corpos-de-mae-filho-e-baba","status":"publish","type":"post","link":"https:\/\/blogdoedvaldomagalhaes.com.br\/index.php\/2017\/11\/27\/sepultados-corpos-de-mae-filho-e-baba\/","title":{"rendered":"Sepultados corpos de m\u00e3e, filho e bab\u00e1 v\u00edtimas de acidente em Recife"},"content":{"rendered":"<div class=\"separator\" style=\"clear: both; text-align: center;\">\n<a href=\"https:\/\/4.bp.blogspot.com\/-ewZq6xhG3tE\/WhyhRDwPqII\/AAAAAAAAlgM\/n4E7YotmjtwplqXzrw4arphmI4Rw2I15ACLcBGAs\/s1600\/jc%2Bimagem.jpg\" imageanchor=\"1\" style=\"margin-left: 1em; margin-right: 1em;\"><img loading=\"lazy\" decoding=\"async\" border=\"0\" data-original-height=\"410\" data-original-width=\"748\" height=\"218\" src=\"http:\/\/blogdoedvaldomagalhaes.com.br\/wp-content\/uploads\/2017\/11\/jcimagem.jpg\" width=\"400\" \/><\/a><\/div>\n<div class=\"separator\" style=\"clear: both; text-align: center;\">\nFoto: JC Imagem<\/div>\n<div class=\"separator\" style=\"clear: both; text-align: center;\">\n<a href=\"https:\/\/2.bp.blogspot.com\/-YH1y_sjaXpQ\/WhyjEy7ZHzI\/AAAAAAAAlgg\/sPzr4j-27UEqXyVgBa5bSibDyGR8OlO_QCLcBGAs\/s1600\/face.jpg\" imageanchor=\"1\" style=\"margin-left: 1em; margin-right: 1em;\"><img loading=\"lazy\" decoding=\"async\" border=\"0\" data-original-height=\"425\" data-original-width=\"400\" height=\"400\" src=\"http:\/\/blogdoedvaldomagalhaes.com.br\/wp-content\/uploads\/2017\/11\/face.jpg\" width=\"376\" \/><\/a><\/div>\n<div class=\"separator\" style=\"clear: both; text-align: center;\">\nFoto do casal:Reprodu\u00e7\u00e3o\/Facebook<\/div>\n<div style=\"margin-bottom: .0001pt; margin: 0cm; text-align: justify;\">\n<div class=\"separator\" style=\"clear: both; text-align: center;\">\n<\/div>\n<div class=\"separator\" style=\"clear: both; text-align: center;\">\n<\/div>\n<div class=\"separator\" style=\"clear: both; text-align: center;\">\n<\/div>\n<div class=\"separator\" style=\"clear: both; text-align: center;\">\n<\/div>\n<div class=\"separator\" style=\"clear: both; text-align: center;\">\n<a href=\"https:\/\/3.bp.blogspot.com\/-MF_aDT7NcpM\/WhyjAs9UR-I\/AAAAAAAAlgc\/xWpUu4Q72BcFTIGHiyWJxxE0OzMtyGW_wCLcBGAs\/s1600\/cortesia.jpg\" imageanchor=\"1\" style=\"margin-left: 1em; margin-right: 1em;\"><img loading=\"lazy\" decoding=\"async\" border=\"0\" data-original-height=\"425\" data-original-width=\"700\" height=\"242\" src=\"http:\/\/blogdoedvaldomagalhaes.com.br\/wp-content\/uploads\/2017\/11\/cortesia.jpg\" width=\"400\" \/><\/a><\/div>\n<div class=\"separator\" style=\"clear: both; text-align: center;\">\nFoto da bab\u00e1 Rosiane de Brito Souza\/Cortesia<\/div>\n<div class=\"separator\" style=\"clear: both; text-align: center;\">\n<\/div>\n<p>Foram sepultados nesta segunda-feira (27) tr\u00eas v\u00edtimas do grave acidente<br \/>\nocorrido na noite desse domingo (26), na Tamarineira, Zona Norte do Recife. O pai<br \/>\ne uma crian\u00e7as &#8211; Marcelinha, de 5 anos &#8211; continuam internados no Hospital Santa Joana. A pedido da<br \/>\nfam\u00edlia, n\u00e3o s\u00e3o repassadas informa\u00e7\u00f5es sobre o estado de sa\u00fade deles.<\/p>\n<p>No cemit\u00e9rio Morada da Paz, em Paulista, Grande Recife, houve o vel\u00f3rio da<br \/>\nadvogada Maria Em\u00edlia Guimar\u00e3es, e sepultamento juntamente com o filho Miguel Neto de 4 anos, agora \u00e0 noite.<\/p>\n<p>J\u00e1 o corpo da bab\u00e1 Rosiane de Brito Souza, de 23 anos, foi velado na casa da<br \/>\nav\u00f3 dela, no distrito de Caueiras, em Alian\u00e7a. A casa fica em frente ao Bar do<br \/>\nVaqueiro. O enterro ocorreu no cemit\u00e9rio municipal Francisco de Assis, \u00e0s 16h30.<\/p><\/div>\n<div style=\"margin: 0cm 0cm 0.0001pt; text-align: justify;\">\n<\/div>\n<div style=\"margin: 0cm 0cm 0.0001pt; text-align: justify;\">\nA<br \/>\nfam\u00edlia de Rosiane est\u00e1 muito abalada e relata que ela era uma pessoa \u00f3tima e<br \/>\nestava gr\u00e1vida de quase quatro meses. A tia, Valquiria Andrade, disse que a<br \/>\nfam\u00edlia do casal est\u00e1 prestando todo aux\u00edlio a eles. Eles contaram ainda que<br \/>\nRosiane morava com um rapaz, Cleiton, de cerca de 24 anos, h\u00e1 pouco mais de um<br \/>\nano. Ela j\u00e1 tinha uma filha de tr\u00eas anos, de outro relacionamento. Era uma<br \/>\npessoa conhecida na cidade e muito querida. Trabalhava como bab\u00e1 h\u00e1 alguns.<br \/>\nCleiton trabalha em uma usina e tamb\u00e9m tem uma outra filha. Ele n\u00e3o conseguiu<br \/>\nvir ao Recife porque est\u00e1 muito abalado.<\/p>\n<\/div>\n<div style=\"margin: 0cm 0cm 0.0001pt; text-align: justify;\">\n<div class=\"separator\" style=\"clear: both; text-align: center;\">\n<a href=\"https:\/\/1.bp.blogspot.com\/-6ocRrIrO17g\/Whymh943VeI\/AAAAAAAAlgs\/euV8iIL_WBMFEKl4BFxAGCJERsjV0PtTgCLcBGAs\/s1600\/felipe%2Bribeiro%2Bjc.jpg\" imageanchor=\"1\" style=\"margin-left: 1em; margin-right: 1em;\"><img loading=\"lazy\" decoding=\"async\" border=\"0\" data-original-height=\"410\" data-original-width=\"748\" height=\"218\" src=\"http:\/\/blogdoedvaldomagalhaes.com.br\/wp-content\/uploads\/2017\/11\/feliperibeirojc.jpg\" width=\"400\" \/><\/a><\/div>\n<div class=\"separator\" style=\"clear: both; text-align: center;\">\nFoto: Felipe Ribeiro\/JC Imagem<\/div>\n<p><\/div>\n<p><\/p>\n<div style=\"margin: 0cm 0cm 0.0001pt;\">\n<\/div>\n<div style=\"text-align: justify;\">\n<b style=\"font-family: Arial, Helvetica, sans-serif; font-size: x-large;\">Entenda o caso<\/b><\/div>\n<p><\/p>\n<div style=\"text-align: justify;\">\nO acidente ocorreu no cruzamento da rua C\u00f4nego Barata com a<br \/>\navenida Conselheiro Rosa e Silva, no bairro da Tamarineira, na noite de domingo<br \/>\n(26 de novembro). O Ford Fusion de placas NMN 3336 &#8211; conduzido por Jo\u00e3o Victor<br \/>\nRibeiro, de 25 anos, estudante de engenharia &#8211; vinha em alta velocidade e<br \/>\ncolidiu com o Toyota Rav4, de placas DEZ 9493, onde estava uma fam\u00edlia composta<br \/>\npelo pai na dire\u00e7\u00e3o, Miguel Motta Filho, m\u00e3e, Maria Em\u00edlia Guimar\u00e3es, duas<br \/>\ncrian\u00e7as de 3 e 5 anos, Miguel e Marcela, e uma bab\u00e1 como passageiros. As duas<br \/>\nmulheres morreram no local e o carro, que, ap\u00f3s capotamento, se chocou com um<br \/>\nposte, ficou completamente destru\u00eddo.&nbsp;<\/div>\n<p><\/p>\n<div style=\"text-align: justify;\">\n<\/div>\n<p><\/p>\n<div style=\"text-align: justify;\">\nOs tr\u00eas sobreviventes da fam\u00edlia est\u00e3o internados no Hospital Santa Joana. A<br \/>\npedido da fam\u00edlia, n\u00e3o ser\u00e3o repassadas informa\u00e7\u00f5es sobre o estado de sa\u00fade<br \/>\ndeles.&nbsp;<\/div>\n<p><\/p>\n<div style=\"text-align: justify;\">\n<\/div>\n<p><\/p>\n<div style=\"text-align: justify;\">\nDepois do acidente, Jo\u00e3o Victor Ribeiro, que teve apenas ferimentos leves, foi<br \/>\nencaminhado para a Unidade de Pronto Atendimento (UPA) da Caxang\u00e1. Nesta<br \/>\nsegunda (28), ele passou por audi\u00eancia de cust\u00f3dia e foi levado para o Centro<br \/>\nde Triagem Professor Everardo Luna (Cotel), em Abreu e Lima. Antes mesmo do<br \/>\ncome\u00e7o da audi\u00eancia, o advogado de Jo\u00e3o Victor renunciou ao caso e um defensor<br \/>\np\u00fablico assumiu a defesa do estudante.<\/p>\n<p>Fonte: Folha de Pernambuco.<\/p><\/div>\n","protected":false},"excerpt":{"rendered":"<p>Foto: JC Imagem Foto do casal:Reprodu\u00e7\u00e3o\/Facebook Foto da bab\u00e1 Rosiane de Brito Souza\/Cortesia Foram sepultados nesta segunda-feira (27) tr\u00eas v\u00edtimas&hellip;<\/p>\n","protected":false},"author":1,"featured_media":0,"comment_status":"open","ping_status":"open","sticky":false,"template":"","format":"standard","meta":{"footnotes":""},"categories":[1],"tags":[2,4642,6,4643],"class_list":["post-3899","post","type-post","status-publish","format-standard","hentry","category-sem-categoria","tag-blog-do-edvaldo-magalhaes","tag-filho-e-baba-vitimas-de-acidente-em-recife","tag-noticias","tag-sepultados-corpos-de-mae"],"_links":{"self":[{"href":"https:\/\/blogdoedvaldomagalhaes.com.br\/index.php\/wp-json\/wp\/v2\/posts\/3899","targetHints":{"allow":["GET"]}}],"collection":[{"href":"https:\/\/blogdoedvaldomagalhaes.com.br\/index.php\/wp-json\/wp\/v2\/posts"}],"about":[{"href":"https:\/\/blogdoedvaldomagalhaes.com.br\/index.php\/wp-json\/wp\/v2\/types\/post"}],"author":[{"embeddable":true,"href":"https:\/\/blogdoedvaldomagalhaes.com.br\/index.php\/wp-json\/wp\/v2\/users\/1"}],"replies":[{"embeddable":true,"href":"https:\/\/blogdoedvaldomagalhaes.com.br\/index.php\/wp-json\/wp\/v2\/comments?post=3899"}],"version-history":[{"count":1,"href":"https:\/\/blogdoedvaldomagalhaes.com.br\/index.php\/wp-json\/wp\/v2\/posts\/3899\/revisions"}],"predecessor-version":[{"id":26581,"href":"https:\/\/blogdoedvaldomagalhaes.com.br\/index.php\/wp-json\/wp\/v2\/posts\/3899\/revisions\/26581"}],"wp:attachment":[{"href":"https:\/\/blogdoedvaldomagalhaes.com.br\/index.php\/wp-json\/wp\/v2\/media?parent=3899"}],"wp:term":[{"taxonomy":"category","embeddable":true,"href":"https:\/\/blogdoedvaldomagalhaes.com.br\/index.php\/wp-json\/wp\/v2\/categories?post=3899"},{"taxonomy":"post_tag","embeddable":true,"href":"https:\/\/blogdoedvaldomagalhaes.com.br\/index.php\/wp-json\/wp\/v2\/tags?post=3899"}],"curies":[{"name":"wp","href":"https:\/\/api.w.org\/{rel}","templated":true}]}}