{"id":38986,"date":"2019-02-25T12:31:59","date_gmt":"2019-02-25T15:31:59","guid":{"rendered":"http:\/\/blogdoedvaldomagalhaes.com.br\/?p=38986"},"modified":"2019-02-26T19:52:37","modified_gmt":"2019-02-26T22:52:37","slug":"confira-da-programacao-da-folia-do-papangu-em-bezerros","status":"publish","type":"post","link":"https:\/\/blogdoedvaldomagalhaes.com.br\/index.php\/2019\/02\/25\/confira-da-programacao-da-folia-do-papangu-em-bezerros\/","title":{"rendered":"Confira da programa\u00e7\u00e3o da Folia do Papangu&#8221; em Bezerros"},"content":{"rendered":"\n<p>A \u201cFolia do Papangu\u201d ter\u00e1 shows a partir do dia 27 de fevereiro. O foli\u00e3o poder\u00e1 se divertir em seis polos: QG do Frevo, Cultural, Centen\u00e1ria, Espa\u00e7o Frevo, S\u00e3o Sebasti\u00e3o e Forr\u00f3 do Papangu. Entre as atra\u00e7\u00f5es est\u00e3o Marc\u00e3o Noventa, Geraldinho Lins, Almir Rouche e Mundo Livre S\/A.<\/p>\n\n\n\n<p><strong>Confira toda programa\u00e7\u00e3o:<\/strong><\/p>\n\n\n\n<p><strong>PALCO 1- QG DO FREVO<\/strong><br>S\u00c1BADO 02\/03<br>21:00 BANDA MEGA PALY<br>23:00 MARC\u00c3O NOVENTA<\/p>\n\n\n\n<p><strong>DOMINGO 03\/03<\/strong><br>10:00 INOCENTES DO PAGODE<br>12:00 GERALDINHO LINS<br>14:00 BANDA NUWE<br>16:00 RUY ARA\u00daJO<br>18:00 LADY FALC\u00c3O<br>20:00 HIGOR HENRIQUE<br>22:00 LEO VIBE<\/p>\n\n\n\n<p><strong>SEGUNDA-FEIRA 04\/03<\/strong><br>12:00 BANDA LUAR\u00c1<br>14:00 OS BALADEIROS<br>16:00 ANDR\u00c9 MARRETA<br>18:00 HENRIQUE BARBOSA<br>20:00 BANDA ASAS DA AM\u00c9RICA<br>22:00 BANDA FARRA DOS TOP\u2019S<\/p>\n\n\n\n<p><strong>TER\u00c7A-FEIRA 05\/03<\/strong><br>12:00 PAULINHO PIERRE E BANDA<br>14:00 RAIANY E BANDA<br>16:00 ALMIR ROUCHER<br>18:00 MUNDO LIVRE S\/A<br>20:00 WANESSA ROGER<br>22:00 BANDA T\u00c1 DE BOA<\/p>\n\n\n\n<p><strong>PALCO 2 \u2013 CULTURAL<\/strong><br><strong>QUARTA-FEIRA 27\/02<\/strong><br>21:00 ORQUESTRA TUPY<\/p>\n\n\n\n<p><strong>QUINTA-FEIRA 28\/02<\/strong><br>16:00 ORQUESTRA BLACK TIE<\/p>\n\n\n\n<p><strong>SEXTA-FEIRA 01\/03<\/strong><br>17:00 A BARKA MALUKA<\/p>\n\n\n\n<p><strong>S\u00c1BADO 02\/03<\/strong><br>21:00 OFICINA AGRESTE FREVO<\/p>\n\n\n\n<p><strong>DOMINGO 03\/03<\/strong><br>10:00 BALAN\u00c7O TROPICAL<br>12:00 BENIL<br>14:00 CIEL SANTOS<br>16:00 RODRIGO RAPOSO<br>18:00 BETO HORTES<br>20:00 CARLINHOS NOVA<\/p>\n\n\n\n<p><strong>SEGUNDA-FEIRA 04\/03<\/strong><br>12:00 ORQUESTRA C\u00d4NEGO ALEXANDRE<br>14:00 D\u2019BREACK<br>16:00 MAESTRO FORR\u00d3<br>18:00 ORQUESTRA F5<\/p>\n\n\n\n<p><strong>TER\u00c7A-FEIRA 05\/03<\/strong><br>12:00 BANDA SEGNOS<br>14:00 DUDU DO ACORDEON<br>16:00 WALTER LINS<br>18:00 CARLINHOS MELO<\/p>\n\n\n\n<p><strong>QUARTA-FEIRA 06\/03<\/strong><br>21:00 OFICINA AGRESTE FREVO<\/p>\n\n\n\n<p><strong>PALCO 3 \u2013 CENTEN\u00c1RIA<\/strong><br><strong>DOMINGO 03\/03<\/strong><br>09:00 CONCURSO DOS PAPANGUS<br>12:00 BANDA SOM BRASIL<br>14:00 ORQUESTRA FREVO E CIA<br>16:00 ANDERSON ALVES E BANDA<br>18:00 MAURICIO MENEZES<br>20:00 HUMBERTO BONNY<\/p>\n\n\n\n<p><strong>SEGUNDA-FEIRA 04\/03<\/strong><br>12:00 RETRODAC<br>14:00 ORQUESTRA FOGO E FOLIA<br>16:00 CLARA ELLYS<br>18:00 JAMILE OLIVEIRA<br>20:00 CAMILA LIRA<\/p>\n\n\n\n<p><strong>TER\u00c7A-FEIRA 04\/03<\/strong><br>12:00 MAZAMORRA<br>14:00 BANDA FARRA DOS TOP\u2019S<br>16:00 ANDR\u00c9 FERRAZ<br>18:00 BANDA VOU ZOAR<br>20:00 JONAH PLAY E BANDA<\/p>\n\n\n\n<p><strong>PALCO 4 \u2013 ESPA\u00c7O FREVO<\/strong><br><strong>DOMINGO 03\/03<\/strong><br>10:00 ORQUESTRA VASSOURINHAS<br>12:00 ORQUESTRA ALVORADA<br>14:00 ORQUESTRA DO TARSO<br>16:00 ORQUESTRA C\u00d4NEGO ALEXANDRE<\/p>\n\n\n\n<p><strong>SEGUNDA \u2013 FEIRA 04\/03<\/strong><br>10:00 ORQUESTRA FREVARTE<br>12:00 ORQUESTRA DO RONALDINHO<br>14:00 ORQUESTRA VASSOURINHAS<br>16:00 ORQUESTRA DO TARSO<\/p>\n\n\n\n<p><strong>TER\u00c7A-FEIRA 05\/03<\/strong><br>10:00 ORQUESTRA ABAS DA SERRA<br>12:00 ORQUESTRA DO RAIMUNDO<br>14:00 ORQUESTRA DO BIU<br>16:00 ORQUESTRA CIA DO FREVO<\/p>\n\n\n\n<p><strong>PALCO 5 \u2013 S\u00c3O SEBASTI\u00c3O<\/strong><br><strong>DOMINGO 03\/03<\/strong><br>10:00 O PELOT\u00c3O<br>12:00 LUIZINHO MORENO<br>14:00 BANDA RECANTO DE BAR<\/p>\n\n\n\n<p><strong>PALCO 6 \u2013 FORR\u00d3 DO PAPANGU<\/strong><br><strong>DOMINGO 03\/03<\/strong><br>10:00 ZEZ\u00c9 E ZEZITA<br>12:00 GENILZA DO ACORDEON E TRIO NORDESTE<br>14:00 RINALDO XAVIER<br>16:00 DADAL FORR\u00d3 DE TR\u00caS<br>18:00 MARCOS MONTEZ<br>20:00 NILDO SANFONEIRO<br>22:00 CABILA TAMBORETE DE FORR\u00d3<\/p>\n\n\n\n<p><strong>SEGUNDA-FEIRA 04\/03<\/strong><br>12:00 TRIO KABRAS DA PESTE<br>14:00 MANOEL DA CONCERTINA<br>16:00 TRIO ASA BRANCA<br>18:00 FORROZ\u00c3O SONHO REAL<br>20:00 JULIO SILVA<\/p>\n\n\n\n<p><strong>TER\u00c7A-FEIRA 05\/03<\/strong><br>12:00 CHINELO DE PALHA<br>14:00 OS THALENTOS<br>16:00 TRIO LAMPI\u00c3O A G\u00c1S<br>18:00 FORR\u00d3 AMASSA SAIA<br>20:00 FORR\u00d3 DA GALERA<\/p>\n\n\n\n<p><br><\/p>\n\n\n\n<figure class=\"wp-block-image\"><img loading=\"lazy\" decoding=\"async\" width=\"577\" height=\"1024\" src=\"http:\/\/blogdoedvaldomagalhaes.com.br\/wp-content\/uploads\/2019\/02\/IMG-20190226-WA0159-577x1024.jpg\" alt=\"\" class=\"wp-image-39068\" srcset=\"https:\/\/blogdoedvaldomagalhaes.com.br\/wp-content\/uploads\/2019\/02\/IMG-20190226-WA0159-577x1024.jpg 577w, https:\/\/blogdoedvaldomagalhaes.com.br\/wp-content\/uploads\/2019\/02\/IMG-20190226-WA0159-169x300.jpg 169w, https:\/\/blogdoedvaldomagalhaes.com.br\/wp-content\/uploads\/2019\/02\/IMG-20190226-WA0159.jpg 714w\" sizes=\"auto, (max-width: 577px) 100vw, 577px\" \/><\/figure>\n","protected":false},"excerpt":{"rendered":"<p>A \u201cFolia do Papangu\u201d ter\u00e1 shows a partir do dia 27 de fevereiro. O foli\u00e3o poder\u00e1 se divertir em seis&hellip;<\/p>\n","protected":false},"author":1,"featured_media":38987,"comment_status":"closed","ping_status":"open","sticky":false,"template":"","format":"standard","meta":{"footnotes":""},"categories":[14120],"tags":[14303,14299,14288,14290,14309,14285,14300,7425,14289,14293,14295,14286,14287,14301,14297,14306,14291],"class_list":["post-38986","post","type-post","status-publish","format-standard","has-post-thumbnail","hentry","category-noticias","tag-andre-ferraz","tag-banda-asas-da-america","tag-banda-mega-paly","tag-banda-nuwe","tag-banda-ta-de-boa","tag-confira-da-programacao-da-folia-do-papangu-em-bezerros","tag-forro-da-galera","tag-geraldinho-lins","tag-inocentes-do-pagode","tag-lady-falcao","tag-leo-vibe","tag-marcao-noven-ta","tag-mundo-livre-s-a","tag-orquestra-vasourinhas","tag-os-baladeiros","tag-paulinho-pierre-e-banda","tag-ruy-araujoi"],"_links":{"self":[{"href":"https:\/\/blogdoedvaldomagalhaes.com.br\/index.php\/wp-json\/wp\/v2\/posts\/38986","targetHints":{"allow":["GET"]}}],"collection":[{"href":"https:\/\/blogdoedvaldomagalhaes.com.br\/index.php\/wp-json\/wp\/v2\/posts"}],"about":[{"href":"https:\/\/blogdoedvaldomagalhaes.com.br\/index.php\/wp-json\/wp\/v2\/types\/post"}],"author":[{"embeddable":true,"href":"https:\/\/blogdoedvaldomagalhaes.com.br\/index.php\/wp-json\/wp\/v2\/users\/1"}],"replies":[{"embeddable":true,"href":"https:\/\/blogdoedvaldomagalhaes.com.br\/index.php\/wp-json\/wp\/v2\/comments?post=38986"}],"version-history":[{"count":2,"href":"https:\/\/blogdoedvaldomagalhaes.com.br\/index.php\/wp-json\/wp\/v2\/posts\/38986\/revisions"}],"predecessor-version":[{"id":39069,"href":"https:\/\/blogdoedvaldomagalhaes.com.br\/index.php\/wp-json\/wp\/v2\/posts\/38986\/revisions\/39069"}],"wp:featuredmedia":[{"embeddable":true,"href":"https:\/\/blogdoedvaldomagalhaes.com.br\/index.php\/wp-json\/wp\/v2\/media\/38987"}],"wp:attachment":[{"href":"https:\/\/blogdoedvaldomagalhaes.com.br\/index.php\/wp-json\/wp\/v2\/media?parent=38986"}],"wp:term":[{"taxonomy":"category","embeddable":true,"href":"https:\/\/blogdoedvaldomagalhaes.com.br\/index.php\/wp-json\/wp\/v2\/categories?post=38986"},{"taxonomy":"post_tag","embeddable":true,"href":"https:\/\/blogdoedvaldomagalhaes.com.br\/index.php\/wp-json\/wp\/v2\/tags?post=38986"}],"curies":[{"name":"wp","href":"https:\/\/api.w.org\/{rel}","templated":true}]}}