{"id":3898,"date":"2017-11-28T00:08:00","date_gmt":"2017-11-28T02:08:00","guid":{"rendered":"http:\/\/blogdoedvaldomagalhaes.com.br\/index.php\/2017\/11\/28\/identificada-vitima-de-homicidio-e\/"},"modified":"2019-02-09T01:54:24","modified_gmt":"2019-02-09T03:54:24","slug":"identificada-vitima-de-homicidio-e","status":"publish","type":"post","link":"https:\/\/blogdoedvaldomagalhaes.com.br\/index.php\/2017\/11\/28\/identificada-vitima-de-homicidio-e\/","title":{"rendered":"Identificada v\u00edtima de homic\u00eddio em Caruaru nesta segunda (27)"},"content":{"rendered":"<div class=\"separator\" style=\"clear: both; text-align: center;\">\n<a href=\"https:\/\/4.bp.blogspot.com\/-4r7XgSMM5mo\/Whyoy1TdvCI\/AAAAAAAAlg4\/cxoZzqzWEO8IWzrtlZ3cBNqkzbHwuFaZQCLcBGAs\/s1600\/crime.jpg\" imageanchor=\"1\" style=\"margin-left: 1em; margin-right: 1em;\"><img loading=\"lazy\" decoding=\"async\" border=\"0\" data-original-height=\"960\" data-original-width=\"539\" height=\"400\" src=\"http:\/\/blogdoedvaldomagalhaes.com.br\/wp-content\/uploads\/2017\/11\/crime-4.jpg\" width=\"221\" \/><\/a><\/div>\n<div class=\"separator\" style=\"clear: both; text-align: center;\">\nFoto: WhatsApp\/Cortesia<\/div>\n<div style=\"text-align: justify;\">\nA v\u00edtima foi o pedreiro Dalvino Jos\u00e9 Oliveira (conhecido por \u00cdndio), de 40 anos, na noite desta segunda-feira feira (27), na rua Francisco Pizon, no bairro Jos\u00e9 Ant\u00f4nio Liberato, em<br \/>\nCaruaru.&nbsp;<\/div>\n<div style=\"text-align: justify;\">\n<\/div>\n<div style=\"text-align: justify;\">\nSegundo informa\u00e7\u00f5es, a v\u00edtima estava bebendo pr\u00f3ximo a resid\u00eancia com outras pessoas, quando um carro se aproximou e um dos ocupantes come\u00e7ou a fazer disparos de arma de fogo, deixando a v\u00edtima sem rea\u00e7\u00e3o e matando-a no local, A pol\u00edcia ainda n\u00e3o sabe a motiva\u00e7\u00e3o e a autoria. O corpo foi encaminhado<br \/>\npara o IML da cidade de Caruaru.<\/p>\n<div style=\"background-color: white; box-sizing: border-box; line-height: 24px; margin-bottom: 10px;\">\n<div class=\"separator\" style=\"clear: both; text-align: center;\">\n<a href=\"https:\/\/2.bp.blogspot.com\/-P3YJQ1Z98gw\/Whyx2qUpm3I\/AAAAAAAAlhU\/T803VVkNP_EilUd-5CYcisUweFklFgIewCLcBGAs\/s1600\/ele.jpg\" imageanchor=\"1\" style=\"margin-left: 1em; margin-right: 1em;\"><img loading=\"lazy\" decoding=\"async\" border=\"0\" data-original-height=\"640\" data-original-width=\"480\" height=\"400\" src=\"http:\/\/blogdoedvaldomagalhaes.com.br\/wp-content\/uploads\/2017\/11\/ele-5.jpg\" width=\"300\" \/><\/a><\/div>\n<p><\/div>\n<div style=\"background-color: white; box-sizing: border-box; line-height: 24px; margin-bottom: 10px;\">\nCom este homic\u00eddio sobe para 15 o n\u00famero de pessoas assassinadas no m\u00eas de novembro em Caruaru e para 249 neste ano de 2017.<\/div>\n<p>\nNo Alto da Balan\u00e7a, um menor de 17 anos sofreu tentativa de homic\u00eddio. Matheus Jeremias da Silva foi atingido com um tiro na face e socorrido pelo Samu para o Hospital Regional do Agreste (HRA).<\/div>\n","protected":false},"excerpt":{"rendered":"<p>Foto: WhatsApp\/Cortesia A v\u00edtima foi o pedreiro Dalvino Jos\u00e9 Oliveira (conhecido por \u00cdndio), de 40 anos, na noite desta segunda-feira&hellip;<\/p>\n","protected":false},"author":1,"featured_media":0,"comment_status":"open","ping_status":"open","sticky":false,"template":"","format":"standard","meta":{"footnotes":""},"categories":[1],"tags":[2,4641,13],"class_list":["post-3898","post","type-post","status-publish","format-standard","hentry","category-sem-categoria","tag-blog-do-edvaldo-magalhaes","tag-identificada-vitima-de-homicidio-em-caruaru-nesta-segunda-27","tag-policial"],"_links":{"self":[{"href":"https:\/\/blogdoedvaldomagalhaes.com.br\/index.php\/wp-json\/wp\/v2\/posts\/3898","targetHints":{"allow":["GET"]}}],"collection":[{"href":"https:\/\/blogdoedvaldomagalhaes.com.br\/index.php\/wp-json\/wp\/v2\/posts"}],"about":[{"href":"https:\/\/blogdoedvaldomagalhaes.com.br\/index.php\/wp-json\/wp\/v2\/types\/post"}],"author":[{"embeddable":true,"href":"https:\/\/blogdoedvaldomagalhaes.com.br\/index.php\/wp-json\/wp\/v2\/users\/1"}],"replies":[{"embeddable":true,"href":"https:\/\/blogdoedvaldomagalhaes.com.br\/index.php\/wp-json\/wp\/v2\/comments?post=3898"}],"version-history":[{"count":1,"href":"https:\/\/blogdoedvaldomagalhaes.com.br\/index.php\/wp-json\/wp\/v2\/posts\/3898\/revisions"}],"predecessor-version":[{"id":26584,"href":"https:\/\/blogdoedvaldomagalhaes.com.br\/index.php\/wp-json\/wp\/v2\/posts\/3898\/revisions\/26584"}],"wp:attachment":[{"href":"https:\/\/blogdoedvaldomagalhaes.com.br\/index.php\/wp-json\/wp\/v2\/media?parent=3898"}],"wp:term":[{"taxonomy":"category","embeddable":true,"href":"https:\/\/blogdoedvaldomagalhaes.com.br\/index.php\/wp-json\/wp\/v2\/categories?post=3898"},{"taxonomy":"post_tag","embeddable":true,"href":"https:\/\/blogdoedvaldomagalhaes.com.br\/index.php\/wp-json\/wp\/v2\/tags?post=3898"}],"curies":[{"name":"wp","href":"https:\/\/api.w.org\/{rel}","templated":true}]}}