{"id":3897,"date":"2017-11-28T00:24:00","date_gmt":"2017-11-28T02:24:00","guid":{"rendered":"http:\/\/blogdoedvaldomagalhaes.com.br\/index.php\/2017\/11\/28\/nota-de-pesar-do-4-bpm-pelo-falecimento\/"},"modified":"2019-02-09T01:54:26","modified_gmt":"2019-02-09T03:54:26","slug":"nota-de-pesar-do-4-bpm-pelo-falecimento","status":"publish","type":"post","link":"https:\/\/blogdoedvaldomagalhaes.com.br\/index.php\/2017\/11\/28\/nota-de-pesar-do-4-bpm-pelo-falecimento\/","title":{"rendered":"Nota de Pesar do 4\u00ba BPM pelo falecimento de Capit\u00e3o"},"content":{"rendered":"<div class=\"separator\" style=\"clear: both; text-align: center;\">\n<a href=\"https:\/\/2.bp.blogspot.com\/-METhOuujOxg\/Whyr2UZNRQI\/AAAAAAAAlhE\/aI4-YdweRGU4lsV94rAdJdOnL4l4EqG8QCLcBGAs\/s1600\/sargento.jpg\" imageanchor=\"1\" style=\"margin-left: 1em; margin-right: 1em;\"><img loading=\"lazy\" decoding=\"async\" border=\"0\" data-original-height=\"491\" data-original-width=\"274\" height=\"400\" src=\"http:\/\/blogdoedvaldomagalhaes.com.br\/wp-content\/uploads\/2017\/11\/sargento.jpg\" width=\"220\" \/><\/a><\/div>\n<div class=\"separator\" style=\"clear: both; text-align: justify;\">\n<\/div>\n<div class=\"separator\" style=\"clear: both; text-align: center;\">\n<\/div>\n<div style=\"text-align: justify;\">\n<b>Nota de Pesar<\/b><\/div>\n<p><\/p>\n<div style=\"text-align: justify;\">\n<\/div>\n<div style=\"text-align: justify;\">\n&#8220;\u00c9 com grande pesar, que chega ao conhecimento desse comando, que na<br \/>\ndata de hoje 27\/11\/2017, o Capit\u00e3o PM Carlos Roberto da<br \/>\nSilva, saiu para caminhar por volta das 17h. O mesmo costumava<br \/>\ncaminhar no Estacionamento do Alto do Moura. Por volta das 20h, foi<br \/>\ngerada uma ocorr\u00eancia informando que o mesmo havia sido encontrado em \u00f3bito.&nbsp;<\/p>\n<p>O SAMU foi acionado e seguiu para o local, assim como o efetivo<br \/>\npolicial de servi\u00e7o. No local, n\u00e3o havia sinal de viol\u00eancia e nada<br \/>\nfoi subtra\u00eddo do mesmo. O m\u00e9dico do SAMU, Ricardo Marinho, atestou<br \/>\nno local que o mesmo j\u00e1 estava em \u00f3bito h\u00e1 algumas horas, a causa da<br \/>\nmorte ainda n\u00e3o foi estabelecida.  Policial dedicado, que n\u00e3o media<br \/>\nesfor\u00e7os na boa presta\u00e7\u00e3o das atividades policiais militares, servia no<br \/>\n4\u00ba BPM, Caruaru.&nbsp;<\/p>\n<p>Hoje a Pol\u00edcia Militar de Pernambuco, chora pela perda<br \/>\ninestim\u00e1vel de um excelente amigo e profissional querido por todos que<br \/>\nfaziam parte de seu conv\u00edvio. Ainda n\u00e3o h\u00e1 informa\u00e7\u00f5es sobre o funeral&#8221;,&nbsp;Ten Cel PM Tib\u00e9rio C\u00e9sar, Comandante do 4\u00ba BPM.<\/p><\/div>\n","protected":false},"excerpt":{"rendered":"<p>Nota de Pesar &#8220;\u00c9 com grande pesar, que chega ao conhecimento desse comando, que na data de hoje 27\/11\/2017, o&hellip;<\/p>\n","protected":false},"author":1,"featured_media":0,"comment_status":"open","ping_status":"open","sticky":false,"template":"","format":"standard","meta":{"footnotes":""},"categories":[1],"tags":[2,4639,6,4640],"class_list":["post-3897","post","type-post","status-publish","format-standard","hentry","category-sem-categoria","tag-blog-do-edvaldo-magalhaes","tag-nota-de-pesar-do-4o-bpm-pelo-falecimento-de-capitao","tag-noticias","tag-tenente-corornel-tiberio-cesar"],"_links":{"self":[{"href":"https:\/\/blogdoedvaldomagalhaes.com.br\/index.php\/wp-json\/wp\/v2\/posts\/3897","targetHints":{"allow":["GET"]}}],"collection":[{"href":"https:\/\/blogdoedvaldomagalhaes.com.br\/index.php\/wp-json\/wp\/v2\/posts"}],"about":[{"href":"https:\/\/blogdoedvaldomagalhaes.com.br\/index.php\/wp-json\/wp\/v2\/types\/post"}],"author":[{"embeddable":true,"href":"https:\/\/blogdoedvaldomagalhaes.com.br\/index.php\/wp-json\/wp\/v2\/users\/1"}],"replies":[{"embeddable":true,"href":"https:\/\/blogdoedvaldomagalhaes.com.br\/index.php\/wp-json\/wp\/v2\/comments?post=3897"}],"version-history":[{"count":1,"href":"https:\/\/blogdoedvaldomagalhaes.com.br\/index.php\/wp-json\/wp\/v2\/posts\/3897\/revisions"}],"predecessor-version":[{"id":26586,"href":"https:\/\/blogdoedvaldomagalhaes.com.br\/index.php\/wp-json\/wp\/v2\/posts\/3897\/revisions\/26586"}],"wp:attachment":[{"href":"https:\/\/blogdoedvaldomagalhaes.com.br\/index.php\/wp-json\/wp\/v2\/media?parent=3897"}],"wp:term":[{"taxonomy":"category","embeddable":true,"href":"https:\/\/blogdoedvaldomagalhaes.com.br\/index.php\/wp-json\/wp\/v2\/categories?post=3897"},{"taxonomy":"post_tag","embeddable":true,"href":"https:\/\/blogdoedvaldomagalhaes.com.br\/index.php\/wp-json\/wp\/v2\/tags?post=3897"}],"curies":[{"name":"wp","href":"https:\/\/api.w.org\/{rel}","templated":true}]}}