{"id":3896,"date":"2017-11-28T10:52:00","date_gmt":"2017-11-28T12:52:00","guid":{"rendered":"http:\/\/blogdoedvaldomagalhaes.com.br\/index.php\/2017\/11\/28\/caruaru-recebe-pela-primeira-vez-o\/"},"modified":"2019-02-09T01:54:26","modified_gmt":"2019-02-09T03:54:26","slug":"caruaru-recebe-pela-primeira-vez-o","status":"publish","type":"post","link":"https:\/\/blogdoedvaldomagalhaes.com.br\/index.php\/2017\/11\/28\/caruaru-recebe-pela-primeira-vez-o\/","title":{"rendered":"Caruaru recebe pela primeira vez o Festival de Cinema de Diversidade Sexual e de G\u00eanero"},"content":{"rendered":"<div class=\"separator\" style=\"clear: both; text-align: center;\">\n<a href=\"https:\/\/4.bp.blogspot.com\/-Cy4TxJoz9Tg\/Wh0_y0uIczI\/AAAAAAAAlhk\/tC9Yu1F8j3U__gMS1VCZYyf9c7bMZ1e5ACLcBGAs\/s1600\/5.jpg\" imageanchor=\"1\" style=\"margin-left: 1em; margin-right: 1em;\"><img loading=\"lazy\" decoding=\"async\" border=\"0\" data-original-height=\"720\" data-original-width=\"1280\" height=\"225\" src=\"http:\/\/blogdoedvaldomagalhaes.com.br\/wp-content\/uploads\/2017\/11\/5-5.jpg\" width=\"400\" \/><\/a><\/div>\n<div class=\"MsoNormal\" style=\"background: white; line-height: normal; margin-bottom: .0001pt; margin-bottom: 0cm; text-align: justify;\">\nA Capital do Forr\u00f3 ser\u00e1 palco de<br \/>\namanh\u00e3 (27), at\u00e9 a pr\u00f3xima quinta \u2013 feira (30), do RECIFEST &#8211; Festival de<br \/>\nCinema de Diversidade Sexual e de G\u00eanero, j\u00e1 realizado na Capital do Estado por<br \/>\ncinco edi\u00e7\u00f5es e pela primeira vez desembarcando no interior. Em sua programa\u00e7\u00e3o,<br \/>\natividades formativas, mostras nacionais e internacionais de cinema, lan\u00e7amento<br \/>\nde livro e apresenta\u00e7\u00f5es de outras linguagens art\u00edsticas.<\/div>\n<div class=\"MsoNormal\" style=\"background: white; line-height: normal; margin-bottom: .0001pt; margin-bottom: 0cm; text-align: justify;\">\nNascido no Recife em 2013, o evento<br \/>\naudiovisual se prop\u00f5e a distribuir, fomentar e pensar a filmografia produzida<br \/>\npor pessoas LGBTQs com a\u00e7\u00f5es para al\u00e9m da capital pernambucana. O festival \u00e9<br \/>\nproduzido pela Panela Produ\u00e7\u00f5es Culturais e Casa de Cinema de Olinda,<br \/>\nincentivado pelo Funcultura do Governo do Estado e tamb\u00e9m por parceiros locais<br \/>\nde forma volunt\u00e1ria e colaborativa, contemplando uma diversificada programa\u00e7\u00e3o<br \/>\ndirecionada \u00e0 tem\u00e1tica \u201cqueer\u201d levando o espectador a pensar de que forma esta<br \/>\ncria\u00e7\u00e3o se apresenta.<\/div>\n<div class=\"MsoNormal\" style=\"background: white; line-height: normal; margin-bottom: .0001pt; margin-bottom: 0cm; text-align: justify;\">\nEm Caruaru, o RECIFEST vem amplia<br \/>\ngeograficamente as discuss\u00f5es acerca dos g\u00eaneros e das sexualidades. A<br \/>\nregionaliza\u00e7\u00e3o aconteceu gra\u00e7as \u00e0s parcerias estreitadas com agentes culturais<br \/>\ndo munic\u00edpio, atores, oficineiros e coletivos que chegaram junto como a OCA &#8211;<br \/>\nOficina de Cinema de Anima\u00e7\u00e3o, executada pelo Ponto de Cultura Cinema de<br \/>\nAnima\u00e7\u00e3o (Thiago Del\u00e1cio e Jonattas Tavares) e da Oficina M\u00eddia e<br \/>\nTransexualidade, ministrada por Sofia Fragoso e Luiz Lopes, constru\u00edda em<br \/>\nparceria com o coletivo Lutas e Cores da cidade, que junto ao Drag Queen Curso<br \/>\ncomp\u00f5em a grade caruaruense.<\/div>\n<div class=\"MsoNormal\" style=\"background: white; line-height: normal; margin-bottom: .0001pt; margin-bottom: 0cm; text-align: justify;\">\n<\/div>\n<div class=\"MsoNormal\" style=\"background: white; line-height: normal; margin-bottom: .0001pt; margin-bottom: 0cm; text-align: justify;\">\n<b>Programa\u00e7\u00e3o Completa:<\/b><\/div>\n<div class=\"MsoNormal\" style=\"background: white; line-height: normal; margin-bottom: .0001pt; margin-bottom: 0cm; text-align: justify;\">\n<\/div>\n<div class=\"MsoNormal\" style=\"background: white; line-height: normal; margin-bottom: .0001pt; margin-bottom: 0cm; text-align: justify;\">\n<b>Dia 28\/ 11<\/b><\/div>\n<div class=\"MsoNormal\" style=\"background: white; line-height: normal; margin-bottom: .0001pt; margin-bottom: 0cm; text-align: justify;\">\n<\/div>\n<div class=\"MsoNormal\" style=\"background: white; line-height: normal; margin-bottom: .0001pt; margin-bottom: 0cm; text-align: justify;\">\n10h \u00e0s 13h<\/div>\n<div class=\"MsoNormal\" style=\"background: white; line-height: normal; margin-bottom: .0001pt; margin-bottom: 0cm; text-align: justify;\">\n<b>Roda\u200b \u200bde\u200b \u200bDi\u00e1logo:\u200b Direitos\u200b<br \/>\n\u200bhumanos\u200b \u200be\u200b \u200bidentidade\u200b \u200bde\u200b \u200bg\u00eanero<\/b><\/div>\n<div class=\"MsoNormal\" style=\"background: white; line-height: normal; margin-bottom: .0001pt; margin-bottom: 0cm; text-align: justify;\">\nParceria com a Gestos (HIV,<br \/>\nComunica\u00e7\u00e3o e G\u00eanero)<\/div>\n<div class=\"MsoNormal\" style=\"background: white; line-height: normal; margin-bottom: .0001pt; margin-bottom: 0cm; text-align: justify;\">\nLocal: Audit\u00f3rio da Secretaria da<br \/>\nMulher de Caruaru \u2013 Rua Padre Rolin, 40 \u2013 bairro Mauricio de Nassau.<\/div>\n<div class=\"MsoNormal\" style=\"background: white; line-height: normal; margin-bottom: .0001pt; margin-bottom: 0cm; text-align: justify;\">\n<\/div>\n<div class=\"MsoNormal\" style=\"background: white; line-height: normal; margin-bottom: .0001pt; margin-bottom: 0cm; text-align: justify;\">\n14h \u00e0s 17h<\/div>\n<div class=\"MsoNormal\" style=\"background: white; line-height: normal; margin-bottom: .0001pt; margin-bottom: 0cm; text-align: justify;\">\n<b>\u200bOficina\u200b \u200bde\u200b \u200bCinema\u200b \u200bde\u200b<br \/>\n\u200bAnima\u00e7\u00e3o\u200b \u200bcom\u200b \u200btem\u00e1tica\u200b \u200bLGBT<\/b><\/div>\n<div class=\"MsoNormal\" style=\"background: white; line-height: normal; margin-bottom: .0001pt; margin-bottom: 0cm; text-align: justify;\">\nMinistrantes: Tiago\u200b \u200bDel\u00e1cio\u200b \u200be\u200b<br \/>\n\u200bJonathas\u200b \u200bTavares<\/div>\n<div class=\"MsoNormal\" style=\"background: white; line-height: normal; margin-bottom: .0001pt; margin-bottom: 0cm; text-align: justify;\">\nLocal: Sala no Campus Agreste &#8211; UFPE<br \/>\n&#8211; Rodovia BR-104, Km 59, s\/n<\/div>\n<div class=\"MsoNormal\" style=\"background: white; line-height: normal; margin-bottom: .0001pt; margin-bottom: 0cm; text-align: justify;\">\n<\/div>\n<div class=\"MsoNormal\" style=\"background: white; line-height: normal; margin-bottom: .0001pt; margin-bottom: 0cm; text-align: justify;\">\n14h \u00e0s 18h<\/div>\n<div class=\"MsoNormal\" style=\"background: white; line-height: normal; margin-bottom: .0001pt; margin-bottom: 0cm; text-align: justify;\">\n<b>Drag\u200b \u200bQueen\u200b \u200bCurso<\/b><\/div>\n<div class=\"MsoNormal\" style=\"background: white; line-height: normal; margin-bottom: .0001pt; margin-bottom: 0cm; text-align: justify;\">\nMinistrante: Zecarlos Gomes<\/div>\n<div class=\"MsoNormal\" style=\"background: white; line-height: normal; margin-bottom: .0001pt; margin-bottom: 0cm; text-align: justify;\">\nLocal:\u200b \u200bBoate\u200b \u200bHaus\u200b \u200b\u2013\u200b \u200bR.\u200b<br \/>\n\u200bSilvino\u200b \u200bMacedo,\u200b \u200b98\u200b \u200b(Rua\u200b \u200bda\u200b \u200bM\u00e1\u200b \u200bFama)\u200b \u200b<\/div>\n<div class=\"MsoNormal\" style=\"background: white; line-height: normal; margin-bottom: .0001pt; margin-bottom: 0cm; text-align: justify;\">\nO Drag Queen Curso \u00e9 tido como o<br \/>\npioneiro no pa\u00eds em abordar a cultura drag enquanto express\u00e3o art\u00edstica atrav\u00e9s<br \/>\nde exerc\u00edcios pr\u00e1ticos, oferecendo caminhos para a constru\u00e7\u00e3o da personagem com<br \/>\nt\u00e9cnicas de maquiagem, dublagem e dan\u00e7a. Destinado a jovens e adultos,<br \/>\nindependente de suas orienta\u00e7\u00f5es sexuais ou identidades de g\u00eanero.<\/div>\n<div class=\"MsoNormal\" style=\"background: white; line-height: normal; margin-bottom: .0001pt; margin-bottom: 0cm; text-align: justify;\">\n<\/div>\n<div class=\"MsoNormal\" style=\"background: white; line-height: normal; margin-bottom: .0001pt; margin-bottom: 0cm; text-align: justify;\">\n17h<\/div>\n<div class=\"MsoNormal\" style=\"background: white; line-height: normal; margin-bottom: .0001pt; margin-bottom: 0cm; text-align: justify;\">\n<b>Lan\u00e7amento do Livro \u2013 Hist\u00f3ria do<br \/>\nCinema de Anima\u00e7\u00e3o em Pernambuco \u2013 autor<\/b>&nbsp;<b>Marcos Buccini<\/b><\/div>\n<div class=\"MsoNormal\" style=\"background: white; line-height: normal; margin-bottom: .0001pt; margin-bottom: 0cm; text-align: justify;\">\nLocal: Audit\u00f3rio de Medicina do<br \/>\nCampus UFPE Agreste (Rodovia BR-104, Km 59, s\/n<\/div>\n<div class=\"MsoNormal\" style=\"background: white; line-height: normal; margin-bottom: .0001pt; margin-bottom: 0cm; text-align: justify;\">\n<\/div>\n<div class=\"MsoNormal\" style=\"background: white; line-height: normal; margin-bottom: .0001pt; margin-bottom: 0cm; text-align: justify;\">\n18h \u00e0s 18h30<\/div>\n<div class=\"MsoNormal\" style=\"background: white; line-height: normal; margin-bottom: .0001pt; margin-bottom: 0cm; text-align: justify;\">\n<b>Mostra\u200b \u200bDiv.A\u200b \u200b\u2013\u200b \u200bDiversidade\u200b<br \/>\n\u200bem\u200b \u200bAnima\u00e7\u00e3o<\/b><\/div>\n<div class=\"MsoNormal\" style=\"background: white; line-height: normal; margin-bottom: .0001pt; margin-bottom: 0cm; text-align: justify;\">\nAudit\u00f3rio de Medicina do Campus UFPE<br \/>\nAgreste&nbsp; &#8211; Rodovia BR-104, Km 59, s\/n<\/div>\n<div class=\"MsoNormal\" style=\"background: white; line-height: normal; margin-bottom: .0001pt; margin-bottom: 0cm; text-align: justify;\">\nPaper\u200b \u200bThin\u200b \u200b(Nataly Lebouleux,<br \/>\nAnima\u00e7\u00e3o, 19\u2019 54\u201d, 2016, Reino Unido)<\/div>\n<div class=\"MsoNormal\" style=\"background: white; line-height: normal; margin-bottom: .0001pt; margin-bottom: 0cm; text-align: justify;\">\nMascara\u200b \u200bin\u200b \u200bthe\u200b \u200bPool\u200b \u200b(Sakari<br \/>\nSingh, Anima\u00e7\u00e3o, 57\u201d, 2016, EUA)<\/div>\n<div class=\"MsoNormal\" style=\"background: white; line-height: normal; margin-bottom: .0001pt; margin-bottom: 0cm; text-align: justify;\">\nQueer\u200b \u200bHeroes\u200b \u200b(Kate Jessop,<br \/>\nAnima\u00e7\u00e3o, 05\u201906\u201d, 2016, Reino Unido)<\/div>\n<div class=\"MsoNormal\" style=\"background: white; line-height: normal; margin-bottom: .0001pt; margin-bottom: 0cm; text-align: justify;\">\nMikveh\u200b \u200b(Adrian Garcia Gomez,<br \/>\nAnima\u00e7\u00e3o, 05\u201930\u201d, 2016, EUA )<\/div>\n<div class=\"MsoNormal\" style=\"background: white; line-height: normal; margin-bottom: .0001pt; margin-bottom: 0cm; text-align: justify;\">\nShowing\u200b \u200bIt\u200b<br \/>\n\u200bAll\u200b \u200b(Lisa Tulin e Lasse Persson, Anima\u00e7\u00e3o, 02\u201923\u201d, 2016, Su\u00e9cia)<\/div>\n<div class=\"MsoNormal\" style=\"background: white; line-height: normal; margin-bottom: .0001pt; margin-bottom: 0cm; text-align: justify;\">\n18h30 \u00e0s 20:30<\/div>\n<div class=\"MsoNormal\" style=\"background: white; line-height: normal; margin-bottom: .0001pt; margin-bottom: 0cm; text-align: justify;\">\n<\/div>\n<div class=\"MsoNormal\" style=\"background: white; line-height: normal; margin-bottom: .0001pt; margin-bottom: 0cm; text-align: justify;\">\n<b>Mostra\u200b \u200bde\u200b \u200bCurtas\u200b \u200bNacionais\u200b \u200b-\u200b<br \/>\n\u200bSess\u00e3o\u200b \u200bCorpos\u200b \u200bem\u200b \u200bConvuls\u00e3o<\/b><\/div>\n<div class=\"MsoNormal\" style=\"background: white; line-height: normal; margin-bottom: .0001pt; margin-bottom: 0cm; text-align: justify;\">\nAudit\u00f3rio de Medicina do Campus UFPE<br \/>\nAgreste (Rodovia BR-104, Km 59, s\/n<\/div>\n<div class=\"MsoNormal\" style=\"background: white; line-height: normal; margin-bottom: .0001pt; margin-bottom: 0cm; text-align: justify;\">\nInocentes\u200b \u200b(Douglas Soares, Fic.,<br \/>\n18&#8242;, 2017, RJ)<\/div>\n<div class=\"MsoNormal\" style=\"background: white; line-height: normal; margin-bottom: .0001pt; margin-bottom: 0cm; text-align: justify;\">\nBaunilha\u200b \u200b(Leo Tabosa, Doc., 13\u201922\u201d,<br \/>\n2017, PE)<\/div>\n<div class=\"MsoNormal\" style=\"background: white; line-height: normal; margin-bottom: .0001pt; margin-bottom: 0cm; text-align: justify;\">\nPele\u200b \u200bsuja\u200b \u200bminha\u200b \u200bcarne\u200b \u200b(Bruno<br \/>\nRibeiro|, Fic., 13&#8242;, 2016, RJ)<\/div>\n<div class=\"MsoNormal\" style=\"background: white; line-height: normal; margin-bottom: .0001pt; margin-bottom: 0cm; text-align: justify;\">\nA\u200b \u200bdan\u00e7a\u200b \u200bdo\u200b \u200bfim\u200b \u200bdo\u200b \u200bmundo\u200b (\u200b<br \/>\nAdriel Nizer Silva, Fic., 5&#8242;, 2017, PR)<\/div>\n<div class=\"MsoNormal\" style=\"background: white; line-height: normal; margin-bottom: .0001pt; margin-bottom: 0cm; text-align: justify;\">\nPor\u200b \u200bn\u00f3s,\u200b \u200bpelas\u200b \u200boutras,\u200b \u200bpor\u200b<br \/>\n\u200bmim\u200b \u200b(Ingrid M. Abage, Larissa Ara\u00fajo e Lorena Monteiro, Doc., 18&#8217;10&#8221;, 2017,<\/div>\n<div class=\"MsoNormal\" style=\"background: white; line-height: normal; margin-bottom: .0001pt; margin-bottom: 0cm; text-align: justify;\">\nPE)<\/div>\n<div class=\"MsoNormal\" style=\"background: white; line-height: normal; margin-bottom: .0001pt; margin-bottom: 0cm; text-align: justify;\">\nEdney\u200b \u200b(Jo\u00e3o Roberto Cintra, Doc.,<br \/>\n15&#8217;32&#8217;, 2016, PE)<\/div>\n<div class=\"MsoNormal\" style=\"background: white; line-height: normal; margin-bottom: .0001pt; margin-bottom: 0cm; text-align: justify;\">\nFantasma\u200b \u200bCidade\u200b \u200bFantasma\u200b (\u200b<br \/>\nPedro B. e Amanda Devulsky, Fic., 14&#8242;, 2016, DF)<\/div>\n<div class=\"MsoNormal\" style=\"background: white; line-height: normal; margin-bottom: .0001pt; margin-bottom: 0cm; text-align: justify;\">\n<\/div>\n<div class=\"MsoNormal\" style=\"background: white; line-height: normal; margin-bottom: .0001pt; margin-bottom: 0cm; text-align: justify;\">\n<b>Dia 29\/11<\/b><\/div>\n<div class=\"MsoNormal\" style=\"background: white; line-height: normal; margin-bottom: .0001pt; margin-bottom: 0cm; text-align: justify;\">\n<\/div>\n<div class=\"MsoNormal\" style=\"background: white; line-height: normal; margin-bottom: .0001pt; margin-bottom: 0cm; text-align: justify;\">\n10h \u00e0s 13h<\/div>\n<div class=\"MsoNormal\" style=\"background: white; line-height: normal; margin-bottom: .0001pt; margin-bottom: 0cm; text-align: justify;\">\n<b>Oficina\u200b \u200bM\u00eddia\u200b \u200be\u200b \u200bTransexualidade<\/b><\/div>\n<div class=\"MsoNormal\" style=\"background: white; line-height: normal; margin-bottom: .0001pt; margin-bottom: 0cm; text-align: justify;\">\nMinistrante: Sofia Fragoso<\/div>\n<div class=\"MsoNormal\" style=\"background: white; line-height: normal; margin-bottom: .0001pt; margin-bottom: 0cm; text-align: justify;\">\nLocal: Sala no Campus Agreste &#8211;<br \/>\nUFPE&nbsp; &#8211; Rodovia BR-104, Km 59, s\/n<\/div>\n<div class=\"MsoNormal\" style=\"background: white; line-height: normal; margin-bottom: .0001pt; margin-bottom: 0cm; text-align: justify;\">\n<\/div>\n<div class=\"MsoNormal\" style=\"background: white; line-height: normal; margin-bottom: .0001pt; margin-bottom: 0cm; text-align: justify;\">\n<\/div>\n<div class=\"MsoNormal\" style=\"background: white; line-height: normal; margin-bottom: .0001pt; margin-bottom: 0cm; text-align: justify;\">\n14h \u00e0s 17h<\/div>\n<div class=\"MsoNormal\" style=\"background: white; line-height: normal; margin-bottom: .0001pt; margin-bottom: 0cm; text-align: justify;\">\n<b>\u200bOficina\u200b \u200bde\u200b \u200bCinema\u200b \u200bde\u200b<br \/>\n\u200bAnima\u00e7\u00e3o\u200b \u200bcom\u200b \u200btem\u00e1tica\u200b \u200bLGBT<\/b><\/div>\n<div class=\"MsoNormal\" style=\"background: white; line-height: normal; margin-bottom: .0001pt; margin-bottom: 0cm; text-align: justify;\">\nMinistrantes: Tiago\u200b \u200bDel\u00e1cio\u200b \u200be\u200b<br \/>\n\u200bJonathas\u200b \u200bTavares<\/div>\n<div class=\"MsoNormal\" style=\"background: white; line-height: normal; margin-bottom: .0001pt; margin-bottom: 0cm; text-align: justify;\">\nLocal: Sala no Campus Agreste &#8211; UFPE<br \/>\n&#8211; Rodovia BR-104, Km 59, s\/n<\/div>\n<div class=\"MsoNormal\" style=\"background: white; line-height: normal; margin-bottom: .0001pt; margin-bottom: 0cm; text-align: justify;\">\n<\/div>\n<div class=\"MsoNormal\" style=\"background: white; line-height: normal; margin-bottom: .0001pt; margin-bottom: 0cm; text-align: justify;\">\n14h \u00e0s 18h<\/div>\n<div class=\"MsoNormal\" style=\"background: white; line-height: normal; margin-bottom: .0001pt; margin-bottom: 0cm; text-align: justify;\">\n<b>Drag\u200b \u200bQueen\u200b \u200bCurso<\/b><\/div>\n<div class=\"MsoNormal\" style=\"background: white; line-height: normal; margin-bottom: .0001pt; margin-bottom: 0cm; text-align: justify;\">\nMinistrante: Zecarlos Gomes<\/div>\n<div class=\"MsoNormal\" style=\"background: white; line-height: normal; margin-bottom: .0001pt; margin-bottom: 0cm; text-align: justify;\">\nLocal:\u200b \u200bBoate\u200b \u200bHaus\u200b \u200b\u2013\u200b \u200bR.\u200b<br \/>\n\u200bSilvino\u200b \u200bMacedo,\u200b \u200b98\u200b \u200b(Rua\u200b \u200bda\u200b \u200bM\u00e1\u200b \u200bFama)\u200b \u200b\u2013\u200b \u200bCaruaru<\/div>\n<div class=\"MsoNormal\" style=\"background: white; line-height: normal; margin-bottom: .0001pt; margin-bottom: 0cm; text-align: justify;\">\n<\/div>\n<div class=\"MsoNormal\" style=\"background: white; line-height: normal; margin-bottom: .0001pt; margin-bottom: 0cm; text-align: justify;\">\n18h \u00e0s 18h30<\/div>\n<div class=\"MsoNormal\" style=\"background: white; line-height: normal; margin-bottom: .0001pt; margin-bottom: 0cm; text-align: justify;\">\n<b>Mostra\u200b \u200bde\u200b \u200bCurtas\u200b<br \/>\n\u200bInternacionais\u200b \u200b1<\/b><\/div>\n<div class=\"MsoNormal\" style=\"background: white; line-height: normal; margin-bottom: .0001pt; margin-bottom: 0cm; text-align: justify;\">\nAudit\u00f3rio de Medicina do Campus UFPE<br \/>\nAgreste (Rodovia BR-104, Km 59, s\/n<\/div>\n<div class=\"MsoNormal\" style=\"background: white; line-height: normal; margin-bottom: .0001pt; margin-bottom: 0cm; text-align: justify;\">\nQueen\u2019s\u200b<br \/>\n\u200bMile\u200b \u200b(Martin Delaney, Fic., 09\u201933\u201d, 2016, Reino Unido)<\/div>\n<div class=\"MsoNormal\" style=\"background: white; line-height: normal; margin-bottom: .0001pt; margin-bottom: 0cm; text-align: justify;\">\nApollon\u200b<br \/>\n\u200b(Loic Dimitch, Fic., 08\u2019, 2016, Fran\u00e7a)<\/div>\n<div class=\"MsoNormal\" style=\"background: white; line-height: normal; margin-bottom: .0001pt; margin-bottom: 0cm; text-align: justify;\">\nYou\u2019ve\u200b \u200bGot\u200b<br \/>\n\u200bTail\u200b \u200b(Danny Tayara, Fic., 04\u2019, 2016, EUA)<\/div>\n<div class=\"MsoNormal\" style=\"background: white; line-height: normal; margin-bottom: .0001pt; margin-bottom: 0cm; text-align: justify;\">\nMai\u200b \u200b(Marta Gonz\u00e1lez, Fic., 07\u201916\u201d,<br \/>\n2016, Espanha)<\/div>\n<div class=\"MsoNormal\" style=\"background: white; line-height: normal; margin-bottom: .0001pt; margin-bottom: 0cm; text-align: justify;\">\n<\/div>\n<div class=\"MsoNormal\" style=\"background: white; line-height: normal; margin-bottom: .0001pt; margin-bottom: 0cm; text-align: justify;\">\n18h30 \u00e0s 20h30<\/div>\n<div class=\"MsoNormal\" style=\"background: white; line-height: normal; margin-bottom: .0001pt; margin-bottom: 0cm; text-align: justify;\">\n<b>Mostra\u200b \u200bde\u200b \u200bCurtas\u200b \u200bNacionais\u200b \u200b|\u200b<br \/>\n\u200bSess\u00e3o\u200b \u200bM\u00e3es\u200b \u200be\u200b \u200bFilhxs<\/b><\/div>\n<div class=\"MsoNormal\" style=\"background: white; line-height: normal; margin-bottom: .0001pt; margin-bottom: 0cm; text-align: justify;\">\nAudit\u00f3rio de Medicina do Campus UFPE<br \/>\nAgreste (Rodovia BR-104, Km 59, s\/n<\/div>\n<div class=\"MsoNormal\" style=\"background: white; line-height: normal; margin-bottom: .0001pt; margin-bottom: 0cm; text-align: justify;\">\nConvite\u200b \u200bVermelho\u200b \u200b(Jo\u00e3o Victor<br \/>\nAlmeida, Fic., 16&#8242;, 2017, RJ)<\/div>\n<div class=\"MsoNormal\" style=\"background: white; line-height: normal; margin-bottom: .0001pt; margin-bottom: 0cm; text-align: justify;\">\nO\u200b \u200bquebra-cabe\u00e7a\u200b \u200bde\u200b \u200bSara\u200b<br \/>\n\u200b(Allan Ribeiro, Doc., 10&#8242;, 2017, RJ)<\/div>\n<div class=\"MsoNormal\" style=\"background: white; line-height: normal; margin-bottom: .0001pt; margin-bottom: 0cm; text-align: justify;\">\nNo\u200b \u200bfim\u200b \u200bde\u200b \u200bTudo\u200b \u200b(Victor Cir\u00edaco,<br \/>\nFic., 14&#8242;, 2016, RN)<\/div>\n<div class=\"MsoNormal\" style=\"background: white; line-height: normal; margin-bottom: .0001pt; margin-bottom: 0cm; text-align: justify;\">\nRoma\u200b \u200b(Charles C.S. Ferreira, Fic.,<br \/>\n20\u2019, 2017, SP)<\/div>\n<div class=\"MsoNormal\" style=\"background: white; line-height: normal; margin-bottom: .0001pt; margin-bottom: 0cm; text-align: justify;\">\nEntre\u200b \u200bos\u200b \u200bombros\u200b \u200b(Carolina<br \/>\nCastilho, Fic., 19&#8242;, 2016, SP)<\/div>\n<div class=\"MsoNormal\" style=\"background: white; line-height: normal; margin-bottom: .0001pt; margin-bottom: 0cm; text-align: justify;\">\nXavier\u200b<br \/>\n\u200b(Ricky Mastro, Fic., 13&#8242;, 2016, SP)<\/div>\n<div class=\"MsoNormal\" style=\"background: white; line-height: normal; margin-bottom: .0001pt; margin-bottom: 0cm; text-align: justify;\">\n<\/div>\n<div class=\"MsoNormal\" style=\"background: white; line-height: normal; margin-bottom: .0001pt; margin-bottom: 0cm; text-align: justify;\">\n<b>Dia 30\/11<\/b><\/div>\n<div class=\"MsoNormal\" style=\"background: white; line-height: normal; margin-bottom: .0001pt; margin-bottom: 0cm; text-align: justify;\">\n<\/div>\n<div class=\"MsoNormal\" style=\"background: white; line-height: normal; margin-bottom: .0001pt; margin-bottom: 0cm; text-align: justify;\">\n14h \u00e0s 17h<\/div>\n<div class=\"MsoNormal\" style=\"background: white; line-height: normal; margin-bottom: .0001pt; margin-bottom: 0cm; text-align: justify;\">\n<b>Oficina\u200b \u200bde\u200b \u200bCinema\u200b \u200bde\u200b<br \/>\n\u200bAnima\u00e7\u00e3o\u200b \u200bcom\u200b \u200btem\u00e1tica\u200b \u200bLGBT<\/b><\/div>\n<div class=\"MsoNormal\" style=\"background: white; line-height: normal; margin-bottom: .0001pt; margin-bottom: 0cm; text-align: justify;\">\nMinistrantes: Tiago\u200b \u200bDel\u00e1cio\u200b \u200be\u200b<br \/>\n\u200bJonathas\u200b \u200bTavares<\/div>\n<div class=\"MsoNormal\" style=\"background: white; line-height: normal; margin-bottom: .0001pt; margin-bottom: 0cm; text-align: justify;\">\nLocal: Sala no Campus Agreste &#8211; UFPE<br \/>\n&#8211; Rodovia BR-104, Km 59, s\/n<\/div>\n<div class=\"MsoNormal\" style=\"background: white; line-height: normal; margin-bottom: .0001pt; margin-bottom: 0cm; text-align: justify;\">\n<\/div>\n<div class=\"MsoNormal\" style=\"background: white; line-height: normal; margin-bottom: .0001pt; margin-bottom: 0cm; text-align: justify;\">\n18h \u00e0s 18h30<\/div>\n<div class=\"MsoNormal\" style=\"background: white; line-height: normal; margin-bottom: .0001pt; margin-bottom: 0cm; text-align: justify;\">\n<b>Mostra\u200b \u200bde\u200b \u200bCurtas\u200b<br \/>\n\u200bInternacionais\u200b \u200b2<\/b><\/div>\n<div class=\"MsoNormal\" style=\"background: white; line-height: normal; margin-bottom: .0001pt; margin-bottom: 0cm; text-align: justify;\">\nLocal: Audit\u00f3rio de Medicina do<br \/>\nCampus UFPE Agreste (Rodovia BR-104, Km 59, s\/n<\/div>\n<div class=\"MsoNormal\" style=\"background: white; line-height: normal; margin-bottom: .0001pt; margin-bottom: 0cm; text-align: justify;\">\nPlasma\u200b \u200bVista\u200b \u200b(Sarah Cockings e<br \/>\nHarriet Fleuriot, Videoarte, 07\u201931\u201d, 2016, Reino Unido)<\/div>\n<div class=\"MsoNormal\" style=\"background: white; line-height: normal; margin-bottom: .0001pt; margin-bottom: 0cm; text-align: justify;\">\nLa\u200b \u200bNi\u00f1a\u200b \u200b(Domingo de Luis, Fic.,<br \/>\n06\u201910\u201d, 2016, Espanha)<\/div>\n<div class=\"MsoNormal\" style=\"background: white; line-height: normal; margin-bottom: .0001pt; margin-bottom: 0cm; text-align: justify;\">\nPYOTR495\u200b (Blake Mawson, Fic., 15\u2019,<br \/>\n2017, Canad\u00e1 e R\u00fassia)<\/div>\n<div class=\"MsoNormal\" style=\"background: white; line-height: normal; margin-bottom: .0001pt; margin-bottom: 0cm; text-align: justify;\">\n<\/div>\n<div class=\"MsoNormal\" style=\"background: white; line-height: normal; margin-bottom: .0001pt; margin-bottom: 0cm; text-align: justify;\">\n18h30 \u00e0s 20h30<\/div>\n<div class=\"MsoNormal\" style=\"background: white; line-height: normal; margin-bottom: .0001pt; margin-bottom: 0cm; text-align: justify;\">\n<b>Mostra\u200b \u200bde\u200b \u200bCurtas\u200b \u200bNacionais\u200b \u200b|\u200b<br \/>\n\u200bSess\u00e3o\u200b \u200bSuper\u200b \u200bPoderes<\/b><\/div>\n<div class=\"MsoNormal\" style=\"background: white; line-height: normal; margin-bottom: .0001pt; margin-bottom: 0cm; text-align: justify;\">\nLocal: Audit\u00f3rio de Medicina do<br \/>\nCampus UFPE Agreste (Rodovia BR-104, Km 59, s\/n<\/div>\n<div class=\"MsoNormal\" style=\"background: white; line-height: normal; margin-bottom: .0001pt; margin-bottom: 0cm; text-align: justify;\">\nOceano\u200b (Renato Duque, Anima\u00e7\u00e3o, 15&#8242;,<br \/>\n2017, SP)<\/div>\n<div class=\"MsoNormal\" style=\"background: white; line-height: normal; margin-bottom: .0001pt; margin-bottom: 0cm; text-align: justify;\">\nMaria\u200b \u200b(Elen<br \/>\nLinth, Doc., 18&#8242;, 2017, AM)<\/div>\n<div class=\"MsoNormal\" style=\"background: white; line-height: normal; margin-bottom: .0001pt; margin-bottom: 0cm; text-align: justify;\">\nTudo\u200b \u200bo\u200b \u200bque\u200b \u200bamo\u200b \u200bmorre\u200b \u200b(Lula<br \/>\nMagalh\u00e3es, Fic., 14&#8217;30&#8221;, 2017, PE)<\/div>\n<div class=\"MsoNormal\" style=\"background: white; line-height: normal; margin-bottom: .0001pt; margin-bottom: 0cm; text-align: justify;\">\nTailor\u200b \u200b(Cal\u00ed dos Anjos, Doc., 10&#8242;,<br \/>\n2017, RJ)<\/div>\n<div class=\"MsoNormal\" style=\"background: white; line-height: normal; margin-bottom: .0001pt; margin-bottom: 0cm; text-align: justify;\">\nJana\u00edna\u200b<br \/>\n\u200bOverdrive\u200b \u200b(Mozart Freire, Fic., 19&#8242;, 2016, CE)<\/div>\n<div class=\"MsoNormal\" style=\"background: white; line-height: normal; margin-bottom: .0001pt; margin-bottom: 0cm; text-align: justify;\">\nFragmentos\u200b \u200b(Karen Antunes, Nyandra<br \/>\nFernandes e Viviane Laprovita, Doc., 6&#8242;, 2017, RJ)<\/div>\n<div class=\"MsoNormal\" style=\"background: white; line-height: normal; margin-bottom: .0001pt; margin-bottom: 0cm; text-align: justify;\">\nStanley\u200b \u200b(Paulo Roberto, Fic.,<br \/>\n19&#8217;36\u201d, 2016, PB)<\/div>\n<div class=\"MsoNormal\" style=\"background-color: white; text-align: justify;\">\n<\/div>\n<div class=\"MsoNormal\" style=\"background: white; line-height: normal; margin-bottom: .0001pt; margin-bottom: 0cm; text-align: justify;\">\nX-manas\u200b \u200b(Clarissa Ribeiro, Fic.,<br \/>\n18&#8242;, 2017, PE)<\/div>\n","protected":false},"excerpt":{"rendered":"<p>A Capital do Forr\u00f3 ser\u00e1 palco de amanh\u00e3 (27), at\u00e9 a pr\u00f3xima quinta \u2013 feira (30), do RECIFEST &#8211; Festival&hellip;<\/p>\n","protected":false},"author":1,"featured_media":0,"comment_status":"open","ping_status":"open","sticky":false,"template":"","format":"standard","meta":{"footnotes":""},"categories":[1],"tags":[2,4638,6],"class_list":["post-3896","post","type-post","status-publish","format-standard","hentry","category-sem-categoria","tag-blog-do-edvaldo-magalhaes","tag-caruaru-recebe-pela-primeira-vez-o-festival-de-cinema-de-diversidade-sexual-e-de-genero","tag-noticias"],"_links":{"self":[{"href":"https:\/\/blogdoedvaldomagalhaes.com.br\/index.php\/wp-json\/wp\/v2\/posts\/3896","targetHints":{"allow":["GET"]}}],"collection":[{"href":"https:\/\/blogdoedvaldomagalhaes.com.br\/index.php\/wp-json\/wp\/v2\/posts"}],"about":[{"href":"https:\/\/blogdoedvaldomagalhaes.com.br\/index.php\/wp-json\/wp\/v2\/types\/post"}],"author":[{"embeddable":true,"href":"https:\/\/blogdoedvaldomagalhaes.com.br\/index.php\/wp-json\/wp\/v2\/users\/1"}],"replies":[{"embeddable":true,"href":"https:\/\/blogdoedvaldomagalhaes.com.br\/index.php\/wp-json\/wp\/v2\/comments?post=3896"}],"version-history":[{"count":1,"href":"https:\/\/blogdoedvaldomagalhaes.com.br\/index.php\/wp-json\/wp\/v2\/posts\/3896\/revisions"}],"predecessor-version":[{"id":26588,"href":"https:\/\/blogdoedvaldomagalhaes.com.br\/index.php\/wp-json\/wp\/v2\/posts\/3896\/revisions\/26588"}],"wp:attachment":[{"href":"https:\/\/blogdoedvaldomagalhaes.com.br\/index.php\/wp-json\/wp\/v2\/media?parent=3896"}],"wp:term":[{"taxonomy":"category","embeddable":true,"href":"https:\/\/blogdoedvaldomagalhaes.com.br\/index.php\/wp-json\/wp\/v2\/categories?post=3896"},{"taxonomy":"post_tag","embeddable":true,"href":"https:\/\/blogdoedvaldomagalhaes.com.br\/index.php\/wp-json\/wp\/v2\/tags?post=3896"}],"curies":[{"name":"wp","href":"https:\/\/api.w.org\/{rel}","templated":true}]}}