{"id":3895,"date":"2017-11-28T10:56:00","date_gmt":"2017-11-28T12:56:00","guid":{"rendered":"http:\/\/blogdoedvaldomagalhaes.com.br\/index.php\/2017\/11\/28\/pesquisa-paulo-camara-lidera-pra\/"},"modified":"2019-02-09T01:54:27","modified_gmt":"2019-02-09T03:54:27","slug":"pesquisa-paulo-camara-lidera-pra","status":"publish","type":"post","link":"https:\/\/blogdoedvaldomagalhaes.com.br\/index.php\/2017\/11\/28\/pesquisa-paulo-camara-lidera-pra\/","title":{"rendered":"Pesquisa: Paulo C\u00e2mara lidera pra governador, e Armando Monteiro aparece em 2\u00ba lugar"},"content":{"rendered":"<div class=\"separator\" style=\"clear: both; text-align: center;\">\n<a href=\"https:\/\/1.bp.blogspot.com\/-pfkah4_pzOg\/Wh1A8KUHqYI\/AAAAAAAAlhs\/qknIziROMIslW2N8h2bbP9-dzkiFiLAfgCLcBGAs\/s1600\/paulo.jpg\" imageanchor=\"1\" style=\"margin-left: 1em; margin-right: 1em;\"><img loading=\"lazy\" decoding=\"async\" border=\"0\" data-original-height=\"149\" data-original-width=\"220\" height=\"270\" src=\"http:\/\/blogdoedvaldomagalhaes.com.br\/wp-content\/uploads\/2017\/11\/paulo.jpg\" width=\"400\" \/><\/a><\/div>\n<div style=\"background-color: white; border: 0px; margin-bottom: 1.5em; outline: 0px; padding: 0px; text-align: justify; vertical-align: baseline;\">\n<strong style=\"border: 0px; font-style: inherit; margin: 0px; outline: 0px; padding: 0px; vertical-align: baseline;\"><br \/><\/strong><\/div>\n<div style=\"background-color: white; border: 0px; margin-bottom: 1.5em; outline: 0px; padding: 0px; text-align: justify; vertical-align: baseline;\">\n<strong style=\"border: 0px; font-style: inherit; margin: 0px; outline: 0px; padding: 0px; vertical-align: baseline;\">Do Blog de Inaldo Sampaio<\/strong><\/div>\n<div style=\"background-color: white; border: 0px; margin-bottom: 1.5em; outline: 0px; padding: 0px; text-align: justify; vertical-align: baseline;\">\nPesquisa realizada pelo Instituto M\u00faltipla (Arcoverde) com 600 question\u00e1rios, em 65 dos 184 munic\u00edpios pernambucanos, entre os dias 21 e 24 deste m\u00eas de novembro, revela que o governador Paulo C\u00e2mara (PSB) lidera a corrida eleitoral de 2018 com 18,7% das inten\u00e7\u00f5es de voto.<\/div>\n<div style=\"background-color: white; border: 0px; margin-bottom: 1.5em; outline: 0px; padding: 0px; text-align: justify; vertical-align: baseline;\">\nEm segundo lugar aparece o senador Armando Monteiro Neto (PTB) com 13,5%, seguido pelo ministro Mendon\u00e7a Filho (DEM) com 10% e a vereadora Mar\u00edlia Arraes (PT) com 9,6% (empate t\u00e9cnico).<\/div>\n<div style=\"background-color: white; border: 0px; margin-bottom: 1.5em; outline: 0px; padding: 0px; text-align: justify; vertical-align: baseline;\">\nO senador Fernando Bezerra Coelho (PMDB) est\u00e1 na quarta coloca\u00e7\u00e3o com 2,8%, seguido pelo deputado Bruno Ara\u00fajo (PSDB) com 1,8%. Brancos e nulos somam 30%, indecisos 8,3% e n\u00e3o souberam ou n\u00e3o quiseram responder a pesquisa, 6%.<\/div>\n<div style=\"background-color: white; border: 0px; margin-bottom: 1.5em; outline: 0px; padding: 0px; text-align: justify; vertical-align: baseline;\">\nO instituto fez uma simula\u00e7\u00e3o com diversos cen\u00e1rios e na maioria deles o governador Paulo C\u00e2mara tem cerca de 30% de inten\u00e7\u00f5es de voto. Num cen\u00e1rio sem Armando e sem Mendon\u00e7a Filho, a vereadora Mar\u00edlia Arraes atinge seu melhor percentual: 19,3%.<\/div>\n<div style=\"background-color: white; border: 0px; margin-bottom: 1.5em; outline: 0px; padding: 0px; text-align: justify; vertical-align: baseline;\">\nNum confronto direto com Paulo C\u00e2mara, a neta de Miguel Arraes teria 25% de inten\u00e7\u00f5es de voto, ante 32% do governador.<\/div>\n<div style=\"background-color: white; border: 0px; margin-bottom: 1.5em; outline: 0px; padding: 0px; text-align: justify; vertical-align: baseline;\">\nO M\u00falplica aferiu tamb\u00e9m o \u00edndice de rejei\u00e7\u00e3o dos candidatos. O mais rejeitado \u00e9 o senador Fernando Bezerra Coelho (PMDB) com 27%, seguido por Bruno Ara\u00fajo com 26%, Armando Monteiro com 24%, Paulo C\u00e2mara com 20%, Mendon\u00e7a Filho com 20% e Mar\u00edlia Arraes com 18%.<\/div>\n<div style=\"background-color: white; border: 0px; margin-bottom: 1.5em; outline: 0px; padding: 0px; text-align: justify; vertical-align: baseline;\">\nO instituto perguntou tamb\u00e9m aos entrevistados se o apoio do ex-presidente Lula aumentaria ou diminuiria o desejo de votar neste candidato: 41% responderam que aumentaria, 34,5% que diminuiria e 22% que dependeria do nome do candidato.<\/div>\n<div style=\"background-color: white; border: 0px; margin-bottom: 1.5em; outline: 0px; padding: 0px; text-align: justify; vertical-align: baseline;\">\nCom rela\u00e7\u00e3o ao presidente Michel Temer, o apoio dele a um candidato faria com que 88% dos pernambucanos o rejeitasse, ante 4,7% que o abra\u00e7aria.<\/div>\n<div style=\"background-color: white; border: 0px; margin-bottom: 1.5em; outline: 0px; padding: 0px; text-align: justify; vertical-align: baseline;\">\nNa pesquisa estimulada para o Senado (com o aux\u00edlio de cart\u00e3o), o 1\u00ba colocado \u00e9 Jarbas Vasconcelos (PMDB) com 20,5%, seguido por Ana Arraes (TCU) com 13%, Jo\u00e3o Paulo (PT) e Armando Monteiro (PTB) com 11,5%, Mendon\u00e7a Filho com 10,5%, Humberto Costa (PT) com 9%, Jos\u00e9 Queiroz (PDT) com 6%, Andr\u00e9 Ferreira (PR) com 4,8%, S\u00edlvio Costa (Avante) com 4,5%, Bruno Ara\u00fajo com 4% e Antonio Campos (Podemos) com 3,8%.<\/div>\n<div style=\"background-color: white; border: 0px; margin-bottom: 1.5em; outline: 0px; padding: 0px; text-align: justify; vertical-align: baseline;\">\nPara presidente da Rep\u00fablica, Lula tem 50% das inten\u00e7\u00f5es de voto, ante 8% de Bolsonaro (PSC), 2,6% de Marina Silva (Rede), 2,8% de Luciano Huck (sem partido), 1,8% de Geraldo Alckmin (PSDB) e Jo\u00e3o D\u00f3ria (PSDB) e 1,6% de Ciro Gomes (PDT).<\/div>\n","protected":false},"excerpt":{"rendered":"<p>Do Blog de Inaldo Sampaio Pesquisa realizada pelo Instituto M\u00faltipla (Arcoverde) com 600 question\u00e1rios, em 65 dos 184 munic\u00edpios pernambucanos,&hellip;<\/p>\n","protected":false},"author":1,"featured_media":0,"comment_status":"open","ping_status":"open","sticky":false,"template":"","format":"standard","meta":{"footnotes":""},"categories":[1],"tags":[2,4636,4637,20],"class_list":["post-3895","post","type-post","status-publish","format-standard","hentry","category-sem-categoria","tag-blog-do-edvaldo-magalhaes","tag-e-armando-monteiro-aparece-em-2o-lugar","tag-pesquisa-paulo-camara-lidera-pra-governador","tag-politica"],"_links":{"self":[{"href":"https:\/\/blogdoedvaldomagalhaes.com.br\/index.php\/wp-json\/wp\/v2\/posts\/3895","targetHints":{"allow":["GET"]}}],"collection":[{"href":"https:\/\/blogdoedvaldomagalhaes.com.br\/index.php\/wp-json\/wp\/v2\/posts"}],"about":[{"href":"https:\/\/blogdoedvaldomagalhaes.com.br\/index.php\/wp-json\/wp\/v2\/types\/post"}],"author":[{"embeddable":true,"href":"https:\/\/blogdoedvaldomagalhaes.com.br\/index.php\/wp-json\/wp\/v2\/users\/1"}],"replies":[{"embeddable":true,"href":"https:\/\/blogdoedvaldomagalhaes.com.br\/index.php\/wp-json\/wp\/v2\/comments?post=3895"}],"version-history":[{"count":1,"href":"https:\/\/blogdoedvaldomagalhaes.com.br\/index.php\/wp-json\/wp\/v2\/posts\/3895\/revisions"}],"predecessor-version":[{"id":26590,"href":"https:\/\/blogdoedvaldomagalhaes.com.br\/index.php\/wp-json\/wp\/v2\/posts\/3895\/revisions\/26590"}],"wp:attachment":[{"href":"https:\/\/blogdoedvaldomagalhaes.com.br\/index.php\/wp-json\/wp\/v2\/media?parent=3895"}],"wp:term":[{"taxonomy":"category","embeddable":true,"href":"https:\/\/blogdoedvaldomagalhaes.com.br\/index.php\/wp-json\/wp\/v2\/categories?post=3895"},{"taxonomy":"post_tag","embeddable":true,"href":"https:\/\/blogdoedvaldomagalhaes.com.br\/index.php\/wp-json\/wp\/v2\/tags?post=3895"}],"curies":[{"name":"wp","href":"https:\/\/api.w.org\/{rel}","templated":true}]}}