{"id":38844,"date":"2019-02-21T12:54:29","date_gmt":"2019-02-21T15:54:29","guid":{"rendered":"http:\/\/blogdoedvaldomagalhaes.com.br\/?p=38844"},"modified":"2019-02-21T12:54:35","modified_gmt":"2019-02-21T15:54:35","slug":"bloco-nao-fui-porque-to-liso-desfila-domingo-24-em-caruaru","status":"publish","type":"post","link":"https:\/\/blogdoedvaldomagalhaes.com.br\/index.php\/2019\/02\/21\/bloco-nao-fui-porque-to-liso-desfila-domingo-24-em-caruaru\/","title":{"rendered":"Bloco \u201cN\u00e3o fui Porque t\u00f4 Liso\u201d desfila domingo (24) em Caruaru"},"content":{"rendered":"\n<p>O Bloco Carnavalesco \u201cN\u00e3o fui porque t\u00f4 Liso\u201d voltar\u00e1 a desfilar no pr\u00e9-carnaval de Caruaru. A d\u00e9cima edi\u00e7\u00e3o do evento ser\u00e1 realizada no dia 24 deste m\u00eas, a partir das 12h na Avenida Caruaru, nos bairros Boa Vista I e II. Neste ano, a agremia\u00e7\u00e3o homenagear\u00e1 o ex-vereador Lambreta, falecido no ano de 2007.&nbsp;<\/p>\n\n\n\n<p>A programa\u00e7\u00e3o do Bloco \u201cN\u00e3o fui porque t\u00f4 Liso\u201d 2019 conta com atra\u00e7\u00f5es que v\u00e3o do Frevo ao Forr\u00f3, com a apresenta\u00e7\u00e3o do cantor Caruaruense Douglas Leon, que promete trazer muita folia, misturando ax\u00e9, frevo, forr\u00f3, samba e pagode no seu repert\u00f3rio. Um trio el\u00e9trico e uma orquestra de frevo tamb\u00e9m prometem n\u00e3o deixar ningu\u00e9m parado no bloco mais irreverente da cidade.&nbsp;<\/p>\n\n\n\n<p>Segundo o presidente do bloco, Andr\u00e9 Vieira \u201cO bloco passou dois anos sem desfilar devido \u00e0 falta de incentivo financeiro para realizar o evento. Mas o sentimento de que a folia n\u00e3o poderia parar, convocamos alguns amigos e companheiros e decidimos retomar as atividades do bloco\u201d.&nbsp;<\/p>\n","protected":false},"excerpt":{"rendered":"<p>O Bloco Carnavalesco \u201cN\u00e3o fui porque t\u00f4 Liso\u201d voltar\u00e1 a desfilar no pr\u00e9-carnaval de Caruaru. A d\u00e9cima edi\u00e7\u00e3o do evento&hellip;<\/p>\n","protected":false},"author":1,"featured_media":38845,"comment_status":"closed","ping_status":"open","sticky":false,"template":"","format":"standard","meta":{"footnotes":""},"categories":[14120],"tags":[1304,5066,14245,14244,2,14246],"class_list":["post-38844","post","type-post","status-publish","format-standard","has-post-thumbnail","hentry","category-noticias","tag-avenida-caruaru","tag-bairro-boa-vista","tag-bairro-boa-vistsa","tag-bloco-nao-fui-porque-to-liso-desfila-domingo-24-em-caruaru","tag-blog-do-edvaldo-magalhaes","tag-lambreta"],"_links":{"self":[{"href":"https:\/\/blogdoedvaldomagalhaes.com.br\/index.php\/wp-json\/wp\/v2\/posts\/38844","targetHints":{"allow":["GET"]}}],"collection":[{"href":"https:\/\/blogdoedvaldomagalhaes.com.br\/index.php\/wp-json\/wp\/v2\/posts"}],"about":[{"href":"https:\/\/blogdoedvaldomagalhaes.com.br\/index.php\/wp-json\/wp\/v2\/types\/post"}],"author":[{"embeddable":true,"href":"https:\/\/blogdoedvaldomagalhaes.com.br\/index.php\/wp-json\/wp\/v2\/users\/1"}],"replies":[{"embeddable":true,"href":"https:\/\/blogdoedvaldomagalhaes.com.br\/index.php\/wp-json\/wp\/v2\/comments?post=38844"}],"version-history":[{"count":1,"href":"https:\/\/blogdoedvaldomagalhaes.com.br\/index.php\/wp-json\/wp\/v2\/posts\/38844\/revisions"}],"predecessor-version":[{"id":38846,"href":"https:\/\/blogdoedvaldomagalhaes.com.br\/index.php\/wp-json\/wp\/v2\/posts\/38844\/revisions\/38846"}],"wp:featuredmedia":[{"embeddable":true,"href":"https:\/\/blogdoedvaldomagalhaes.com.br\/index.php\/wp-json\/wp\/v2\/media\/38845"}],"wp:attachment":[{"href":"https:\/\/blogdoedvaldomagalhaes.com.br\/index.php\/wp-json\/wp\/v2\/media?parent=38844"}],"wp:term":[{"taxonomy":"category","embeddable":true,"href":"https:\/\/blogdoedvaldomagalhaes.com.br\/index.php\/wp-json\/wp\/v2\/categories?post=38844"},{"taxonomy":"post_tag","embeddable":true,"href":"https:\/\/blogdoedvaldomagalhaes.com.br\/index.php\/wp-json\/wp\/v2\/tags?post=38844"}],"curies":[{"name":"wp","href":"https:\/\/api.w.org\/{rel}","templated":true}]}}