{"id":38841,"date":"2019-02-21T11:54:43","date_gmt":"2019-02-21T14:54:43","guid":{"rendered":"http:\/\/blogdoedvaldomagalhaes.com.br\/?p=38841"},"modified":"2019-02-21T19:45:06","modified_gmt":"2019-02-21T22:45:06","slug":"policia-federal-deflagra-operacao-pescaria-i-cumprindo-mandados-de-prisao-em-agrestina","status":"publish","type":"post","link":"https:\/\/blogdoedvaldomagalhaes.com.br\/index.php\/2019\/02\/21\/policia-federal-deflagra-operacao-pescaria-i-cumprindo-mandados-de-prisao-em-agrestina\/","title":{"rendered":"Pol\u00edcia Federal deflagra Opera\u00e7\u00e3o Pescaria I cumprindo mandados de pris\u00e3o em Agrestina"},"content":{"rendered":"\n<p>A Pol\u00edcia Federal com apoio da Controladoria-Geral da Uni\u00e3o, deflagrou na manh\u00e3 desta quinta-feira (21), a Opera\u00e7\u00e3o Pescaria I, cumprindo tr\u00eas Mandados de Pris\u00e3o Tempor\u00e1ria e quatro Mandados de Busca e Apreens\u00e3o, expedidos pela 24\u00aa Vara da Justi\u00e7a Federal, contra suspeitos de integrarem uma associa\u00e7\u00e3o criminosa especializada na pr\u00e1tica de fraudes em processos licitat\u00f3rios no munic\u00edpio de Agrestina.<\/p>\n\n\n\n<p>Segundo as investiga\u00e7\u00f5es, houve contrata\u00e7\u00e3o de obras p\u00fablicas (constru\u00e7\u00e3o de unidades b\u00e1sicas de sa\u00fade) custeadas com recursos do Minist\u00e9rio da Sa\u00fade, por meio da realiza\u00e7\u00e3o de atos destinados \u00e0 pr\u00e9via escolha de determinada empresa \u201cde fachada\u201d pertencente a um dos integrantes do esquema, sem capacidade t\u00e9cnico-operacional, restando a execu\u00e7\u00e3o das obras p\u00fablicas a terceiro desqualificado, tamb\u00e9m integrante do esquema.<\/p>\n\n\n\n<p>O grupo tamb\u00e9m \u00e9 investigado pela pr\u00e1tica de atos de oculta\u00e7\u00e3o e dissimula\u00e7\u00e3o dos recursos envolvidos nas fraudes. As investiga\u00e7\u00f5es tiveram in\u00edcio em novembro de 2018 e os crimes sob apura\u00e7\u00e3o s\u00e3o os de Fraude \u00e0 Licita\u00e7\u00e3o, Associa\u00e7\u00e3o Criminosa, Falsidade Ideol\u00f3gica, Peculato e Lavagem de Dinheiro, cujas penas somadas podem chegar a 46 anos de reclus\u00e3o, al\u00e9m do pagamento de multas.<\/p>\n\n\n\n<p>Nota \u00e0 Imprensa<\/p>\n\n\n\n<p>A Prefeitura Municipal de Agrestina vem, atrav\u00e9s de sua assessoria jur\u00eddica, informar a toda a sociedade, que, como \u00e9 de conhecimento de todos, foi deflagrada, no dia de hoje, uma opera\u00e7\u00e3o da Pol\u00edcia Federal que visa apurar poss\u00edveis irregularidades em recursos do Minist\u00e9rio da Sa\u00fade e que, at\u00e9 o presente momento, nenhuma autoridade do munic\u00edpio est\u00e1 sendo investigada. Contudo, cumpre ao Governo, neste momento, colaborar com as autoridades para que seja restabelecida a ordem, colocando-se \u00e0 disposi\u00e7\u00e3o. Outrossim, em momento oportuno passaremos mais informa\u00e7\u00f5es.<\/p>\n","protected":false},"excerpt":{"rendered":"<p>A Pol\u00edcia Federal com apoio da Controladoria-Geral da Uni\u00e3o, deflagrou na manh\u00e3 desta quinta-feira (21), a Opera\u00e7\u00e3o Pescaria I, cumprindo&hellip;<\/p>\n","protected":false},"author":1,"featured_media":38842,"comment_status":"closed","ping_status":"open","sticky":false,"template":"","format":"standard","meta":{"footnotes":""},"categories":[14121],"tags":[2,14243],"class_list":["post-38841","post","type-post","status-publish","format-standard","has-post-thumbnail","hentry","category-policial","tag-blog-do-edvaldo-magalhaes","tag-policia-federal-deflagra-operacao-pescaria-i-cumprindo-mandados-de-prisao-em-agrestina"],"_links":{"self":[{"href":"https:\/\/blogdoedvaldomagalhaes.com.br\/index.php\/wp-json\/wp\/v2\/posts\/38841","targetHints":{"allow":["GET"]}}],"collection":[{"href":"https:\/\/blogdoedvaldomagalhaes.com.br\/index.php\/wp-json\/wp\/v2\/posts"}],"about":[{"href":"https:\/\/blogdoedvaldomagalhaes.com.br\/index.php\/wp-json\/wp\/v2\/types\/post"}],"author":[{"embeddable":true,"href":"https:\/\/blogdoedvaldomagalhaes.com.br\/index.php\/wp-json\/wp\/v2\/users\/1"}],"replies":[{"embeddable":true,"href":"https:\/\/blogdoedvaldomagalhaes.com.br\/index.php\/wp-json\/wp\/v2\/comments?post=38841"}],"version-history":[{"count":2,"href":"https:\/\/blogdoedvaldomagalhaes.com.br\/index.php\/wp-json\/wp\/v2\/posts\/38841\/revisions"}],"predecessor-version":[{"id":38858,"href":"https:\/\/blogdoedvaldomagalhaes.com.br\/index.php\/wp-json\/wp\/v2\/posts\/38841\/revisions\/38858"}],"wp:featuredmedia":[{"embeddable":true,"href":"https:\/\/blogdoedvaldomagalhaes.com.br\/index.php\/wp-json\/wp\/v2\/media\/38842"}],"wp:attachment":[{"href":"https:\/\/blogdoedvaldomagalhaes.com.br\/index.php\/wp-json\/wp\/v2\/media?parent=38841"}],"wp:term":[{"taxonomy":"category","embeddable":true,"href":"https:\/\/blogdoedvaldomagalhaes.com.br\/index.php\/wp-json\/wp\/v2\/categories?post=38841"},{"taxonomy":"post_tag","embeddable":true,"href":"https:\/\/blogdoedvaldomagalhaes.com.br\/index.php\/wp-json\/wp\/v2\/tags?post=38841"}],"curies":[{"name":"wp","href":"https:\/\/api.w.org\/{rel}","templated":true}]}}