{"id":38838,"date":"2019-02-21T10:09:30","date_gmt":"2019-02-21T13:09:30","guid":{"rendered":"http:\/\/blogdoedvaldomagalhaes.com.br\/?p=38838"},"modified":"2019-02-21T10:09:33","modified_gmt":"2019-02-21T13:09:33","slug":"bloco-sapo-na-folia-em-caruaru-tem-parceria-com-o-icia-em-prol-do-bazar-da-instituicao","status":"publish","type":"post","link":"https:\/\/blogdoedvaldomagalhaes.com.br\/index.php\/2019\/02\/21\/bloco-sapo-na-folia-em-caruaru-tem-parceria-com-o-icia-em-prol-do-bazar-da-instituicao\/","title":{"rendered":"Bloco Sapo na Folia em Caruaru tem parceria com o ICIA em prol do Bazar da institui\u00e7\u00e3o"},"content":{"rendered":"\n<p>O Bloco Sapo na Folia, da antiga rua do Sapo, no bairro S\u00e3o Francisco tem sua primeira edi\u00e7\u00e3o em 2019 buscando resgatar o Carnaval Cultural nos bairros de Caruaru.<\/p>\n\n\n\n<p>A pr\u00e9via carnavalesca \u201cSapo na Folia\u201d , que carrega o nome ao qual a rua e a pra\u00e7a ficaram conhecidas, tem diversos parceiros entre eles um que chama bastante aten\u00e7\u00e3o pela atipicidade; o Instituto do C\u00e2ncer Infantil do Agreste. O ICIA ter\u00e1 um estande de arrecada\u00e7\u00e3o de Roupas e cal\u00e7ados, novos e seminovos, para seu Bazar que acontece de dois em dois meses, e tamb\u00e9m receber\u00e1 produtos de higiene pessoal para usufruto. <\/p>\n\n\n\n<p>Com a finalidade de aproveitar o p\u00fablico que \u00e9 esperado no dia do evento, a organizadora do Bloco, a Jornalista\/Locutora St\u00e9phanie Rodrigues, fala sobre essa parceria: \u201cJ\u00e1 tenho o ICIA como parceiro a algum tempo, mas o intuito dessa vez, em um local at\u00edpico como uma festa de comunidade, de rua, \u00e9 aproveitar esse encontro de amigos e solidarizar com quem muitas vezes gostaria de estar em uma festa como essa, e no momento n\u00e3o pode estar por passar pelo tratamento do c\u00e2ncer, ou por outro motivo. Quero que meus amigos, vizinhos e ouvintes que venham para o bloco nos prestigiar, se doem na mesma alegria em que venham festejar. Que seja natural e expont\u00e2nea a doa\u00e7\u00e3o. Para que na pr\u00f3xima edi\u00e7\u00e3o os que n\u00e3o puderam estar presentes, estejam e com o mesmo objetivo de ajudar o pr\u00f3ximo.\u201d <\/p>\n\n\n\n<p>Outros parceiros que s\u00e3o respons\u00e1veis tamb\u00e9m pelo acontecimento da festa s\u00e3o: A Prefeitura de Caruaru, que pretende resgatar o carnaval tradicional nos bairros da cidade, o Vereador Tafarel unindo comunidades, a Pol\u00edcia Militar de Pernambuco, que trar\u00e1 seguran\u00e7a aos que ir\u00e3o brincar na festa. Tamb\u00e9m temos a EstudioK, encaixe brindes, KGS Telecom com Wi-Fi gr\u00e1tis no local do evento, e Yes cosm\u00e9ticos fazendo a Make dos foli\u00f5es que vir\u00e3o prestigiar a festa.<\/p>\n\n\n\n<p>O Bloco Sapo na Folia tem a inten\u00e7\u00e3o de unir os amigos que moram e j\u00e1 moraram na antiga rua do sapo, como \u00e9 conhecida a rua Deputado Jos\u00e9 Bezerra Alves, no bairro S\u00e3o Francisco, e principalmente resgatar aquele carnaval entre fam\u00edlia na paz. A festa come\u00e7a \u00e0s 11h do dia 24 de fevereiro e contar\u00e1 com orquestra de frevo, mini trio el\u00e9trico, e banda para animar o p\u00fablico. <\/p>\n","protected":false},"excerpt":{"rendered":"<p>O Bloco Sapo na Folia, da antiga rua do Sapo, no bairro S\u00e3o Francisco tem sua primeira edi\u00e7\u00e3o em 2019&hellip;<\/p>\n","protected":false},"author":1,"featured_media":38839,"comment_status":"closed","ping_status":"open","sticky":false,"template":"","format":"standard","meta":{"footnotes":""},"categories":[14120],"tags":[14242,2,1950],"class_list":["post-38838","post","type-post","status-publish","format-standard","has-post-thumbnail","hentry","category-noticias","tag-bloco-sapo-na-folia-em-caruaru-tem-parceria-com-o-icia-em-prol-do-bazar-da-instituicao","tag-blog-do-edvaldo-magalhaes","tag-noticias-de-caruaru"],"_links":{"self":[{"href":"https:\/\/blogdoedvaldomagalhaes.com.br\/index.php\/wp-json\/wp\/v2\/posts\/38838","targetHints":{"allow":["GET"]}}],"collection":[{"href":"https:\/\/blogdoedvaldomagalhaes.com.br\/index.php\/wp-json\/wp\/v2\/posts"}],"about":[{"href":"https:\/\/blogdoedvaldomagalhaes.com.br\/index.php\/wp-json\/wp\/v2\/types\/post"}],"author":[{"embeddable":true,"href":"https:\/\/blogdoedvaldomagalhaes.com.br\/index.php\/wp-json\/wp\/v2\/users\/1"}],"replies":[{"embeddable":true,"href":"https:\/\/blogdoedvaldomagalhaes.com.br\/index.php\/wp-json\/wp\/v2\/comments?post=38838"}],"version-history":[{"count":1,"href":"https:\/\/blogdoedvaldomagalhaes.com.br\/index.php\/wp-json\/wp\/v2\/posts\/38838\/revisions"}],"predecessor-version":[{"id":38840,"href":"https:\/\/blogdoedvaldomagalhaes.com.br\/index.php\/wp-json\/wp\/v2\/posts\/38838\/revisions\/38840"}],"wp:featuredmedia":[{"embeddable":true,"href":"https:\/\/blogdoedvaldomagalhaes.com.br\/index.php\/wp-json\/wp\/v2\/media\/38839"}],"wp:attachment":[{"href":"https:\/\/blogdoedvaldomagalhaes.com.br\/index.php\/wp-json\/wp\/v2\/media?parent=38838"}],"wp:term":[{"taxonomy":"category","embeddable":true,"href":"https:\/\/blogdoedvaldomagalhaes.com.br\/index.php\/wp-json\/wp\/v2\/categories?post=38838"},{"taxonomy":"post_tag","embeddable":true,"href":"https:\/\/blogdoedvaldomagalhaes.com.br\/index.php\/wp-json\/wp\/v2\/tags?post=38838"}],"curies":[{"name":"wp","href":"https:\/\/api.w.org\/{rel}","templated":true}]}}