{"id":38835,"date":"2019-02-21T07:57:27","date_gmt":"2019-02-21T10:57:27","guid":{"rendered":"http:\/\/blogdoedvaldomagalhaes.com.br\/?p=38835"},"modified":"2019-02-21T07:57:28","modified_gmt":"2019-02-21T10:57:28","slug":"cesta-basica-de-caruaru-registra-terceiro-aumento-consecutivo-em-janeiro","status":"publish","type":"post","link":"https:\/\/blogdoedvaldomagalhaes.com.br\/index.php\/2019\/02\/21\/cesta-basica-de-caruaru-registra-terceiro-aumento-consecutivo-em-janeiro\/","title":{"rendered":"Cesta b\u00e1sica de Caruaru registra terceiro aumento consecutivo em janeiro"},"content":{"rendered":"\n<p>O valor da cesta b\u00e1sica caruaruense, pelo terceiro m\u00eas consecutivo, registrou alta, desta vez de 0,41%. \u00c9 o que mostra a pesquisa mensal feita por alunos de Ci\u00eancias Cont\u00e1beis e Gest\u00e3o Financeira do Centro Universit\u00e1rio UniFavip|Wyden. Em janeiro, o custo da alimenta\u00e7\u00e3o b\u00e1sica em Caruaru foi de R$ 255. A carne, o p\u00e3o e os legumes, respectivamente, foram os itens que mais pesaram no bolso da popula\u00e7\u00e3o.<\/p>\n\n\n\n<p>Segundo a respons\u00e1vel pela pesquisa, a professora do UniFavip|Wyden, Eliane Alves, os itens que apresentaram uma alta de pre\u00e7o e contribu\u00edram para a eleva\u00e7\u00e3o do valor da cesta b\u00e1sica foram o feij\u00e3o (26,52%), o p\u00e3o (10,61%) e o a\u00e7\u00facar (6,18%). J\u00e1 o tomate, o leite e a margarina registraram queda.<\/p>\n\n\n\n<p>No m\u00eas de janeiro, a cesta caruaruense continuou apresentando um valor menor que a de Recife. A diferen\u00e7a foi de R$93,85.&nbsp;Em rela\u00e7\u00e3o \u00e0 m\u00e9dia nordestina, a cesta de Caruaru foi R$106,35 mais barata, e R$144,59 mais em conta se comparada \u00e0 m\u00e9dia da cesta nacional.<\/p>\n","protected":false},"excerpt":{"rendered":"<p>O valor da cesta b\u00e1sica caruaruense, pelo terceiro m\u00eas consecutivo, registrou alta, desta vez de 0,41%. \u00c9 o que mostra&hellip;<\/p>\n","protected":false},"author":1,"featured_media":38836,"comment_status":"closed","ping_status":"open","sticky":false,"template":"","format":"standard","meta":{"footnotes":""},"categories":[14120],"tags":[2,14241,1950],"class_list":["post-38835","post","type-post","status-publish","format-standard","has-post-thumbnail","hentry","category-noticias","tag-blog-do-edvaldo-magalhaes","tag-cesta-basica-de-caruaru-registra-terceiro-aumento-consecutivo-em-janeiro","tag-noticias-de-caruaru"],"_links":{"self":[{"href":"https:\/\/blogdoedvaldomagalhaes.com.br\/index.php\/wp-json\/wp\/v2\/posts\/38835","targetHints":{"allow":["GET"]}}],"collection":[{"href":"https:\/\/blogdoedvaldomagalhaes.com.br\/index.php\/wp-json\/wp\/v2\/posts"}],"about":[{"href":"https:\/\/blogdoedvaldomagalhaes.com.br\/index.php\/wp-json\/wp\/v2\/types\/post"}],"author":[{"embeddable":true,"href":"https:\/\/blogdoedvaldomagalhaes.com.br\/index.php\/wp-json\/wp\/v2\/users\/1"}],"replies":[{"embeddable":true,"href":"https:\/\/blogdoedvaldomagalhaes.com.br\/index.php\/wp-json\/wp\/v2\/comments?post=38835"}],"version-history":[{"count":1,"href":"https:\/\/blogdoedvaldomagalhaes.com.br\/index.php\/wp-json\/wp\/v2\/posts\/38835\/revisions"}],"predecessor-version":[{"id":38837,"href":"https:\/\/blogdoedvaldomagalhaes.com.br\/index.php\/wp-json\/wp\/v2\/posts\/38835\/revisions\/38837"}],"wp:featuredmedia":[{"embeddable":true,"href":"https:\/\/blogdoedvaldomagalhaes.com.br\/index.php\/wp-json\/wp\/v2\/media\/38836"}],"wp:attachment":[{"href":"https:\/\/blogdoedvaldomagalhaes.com.br\/index.php\/wp-json\/wp\/v2\/media?parent=38835"}],"wp:term":[{"taxonomy":"category","embeddable":true,"href":"https:\/\/blogdoedvaldomagalhaes.com.br\/index.php\/wp-json\/wp\/v2\/categories?post=38835"},{"taxonomy":"post_tag","embeddable":true,"href":"https:\/\/blogdoedvaldomagalhaes.com.br\/index.php\/wp-json\/wp\/v2\/tags?post=38835"}],"curies":[{"name":"wp","href":"https:\/\/api.w.org\/{rel}","templated":true}]}}