{"id":38832,"date":"2019-02-20T23:38:41","date_gmt":"2019-02-21T02:38:41","guid":{"rendered":"http:\/\/blogdoedvaldomagalhaes.com.br\/?p=38832"},"modified":"2019-02-20T23:38:47","modified_gmt":"2019-02-21T02:38:47","slug":"santa-cruz-vence-o-nautico-e-se-classifica-na-copa-do-brasil","status":"publish","type":"post","link":"https:\/\/blogdoedvaldomagalhaes.com.br\/index.php\/2019\/02\/20\/santa-cruz-vence-o-nautico-e-se-classifica-na-copa-do-brasil\/","title":{"rendered":"Santa Cruz vence o N\u00e1utico e se classifica na Copa do Brasil"},"content":{"rendered":"\n<p>Santa Cruz e N\u00e1utico, empataram por 1 a 1, no tempo normal, no Est\u00e1dio Jos\u00e9 do R\u00eago Maciel (Arruda), em Recife, pela Copa do Brasil, nesta quarta-feira (20). Os gols marcados por Pipico para os  tricolores e Jorge Henrique para os alvirrubros. A classifica\u00e7\u00e3o foi definida nos p\u00eanaltis, com vit\u00f3ria do Santa Cruz por 4 a 2. O time coral vai receber um milh\u00e3o, quatrocentos e cinquenta mil reais pela classifica\u00e7\u00e3o.<\/p>\n\n\n\n<p>Foto: Genival Fernandes.<\/p>\n","protected":false},"excerpt":{"rendered":"<p>Santa Cruz e N\u00e1utico, empataram por 1 a 1, no tempo normal, no Est\u00e1dio Jos\u00e9 do R\u00eago Maciel (Arruda), em&hellip;<\/p>\n","protected":false},"author":1,"featured_media":38833,"comment_status":"closed","ping_status":"open","sticky":false,"template":"","format":"standard","meta":{"footnotes":""},"categories":[14123],"tags":[2,6860,3,525],"class_list":["post-38832","post","type-post","status-publish","format-standard","has-post-thumbnail","hentry","category-futebol","tag-blog-do-edvaldo-magalhaes","tag-copa-do-brasil","tag-futebol","tag-santa-cruz"],"_links":{"self":[{"href":"https:\/\/blogdoedvaldomagalhaes.com.br\/index.php\/wp-json\/wp\/v2\/posts\/38832","targetHints":{"allow":["GET"]}}],"collection":[{"href":"https:\/\/blogdoedvaldomagalhaes.com.br\/index.php\/wp-json\/wp\/v2\/posts"}],"about":[{"href":"https:\/\/blogdoedvaldomagalhaes.com.br\/index.php\/wp-json\/wp\/v2\/types\/post"}],"author":[{"embeddable":true,"href":"https:\/\/blogdoedvaldomagalhaes.com.br\/index.php\/wp-json\/wp\/v2\/users\/1"}],"replies":[{"embeddable":true,"href":"https:\/\/blogdoedvaldomagalhaes.com.br\/index.php\/wp-json\/wp\/v2\/comments?post=38832"}],"version-history":[{"count":1,"href":"https:\/\/blogdoedvaldomagalhaes.com.br\/index.php\/wp-json\/wp\/v2\/posts\/38832\/revisions"}],"predecessor-version":[{"id":38834,"href":"https:\/\/blogdoedvaldomagalhaes.com.br\/index.php\/wp-json\/wp\/v2\/posts\/38832\/revisions\/38834"}],"wp:featuredmedia":[{"embeddable":true,"href":"https:\/\/blogdoedvaldomagalhaes.com.br\/index.php\/wp-json\/wp\/v2\/media\/38833"}],"wp:attachment":[{"href":"https:\/\/blogdoedvaldomagalhaes.com.br\/index.php\/wp-json\/wp\/v2\/media?parent=38832"}],"wp:term":[{"taxonomy":"category","embeddable":true,"href":"https:\/\/blogdoedvaldomagalhaes.com.br\/index.php\/wp-json\/wp\/v2\/categories?post=38832"},{"taxonomy":"post_tag","embeddable":true,"href":"https:\/\/blogdoedvaldomagalhaes.com.br\/index.php\/wp-json\/wp\/v2\/tags?post=38832"}],"curies":[{"name":"wp","href":"https:\/\/api.w.org\/{rel}","templated":true}]}}