{"id":38823,"date":"2019-02-20T19:39:00","date_gmt":"2019-02-20T22:39:00","guid":{"rendered":"http:\/\/blogdoedvaldomagalhaes.com.br\/?p=38823"},"modified":"2019-02-20T22:45:09","modified_gmt":"2019-02-21T01:45:09","slug":"dois-homens-morrem-em-troca-de-tiros-com-a-policia-em-caruaru","status":"publish","type":"post","link":"https:\/\/blogdoedvaldomagalhaes.com.br\/index.php\/2019\/02\/20\/dois-homens-morrem-em-troca-de-tiros-com-a-policia-em-caruaru\/","title":{"rendered":"Dois homens morrem em troca de tiros com a pol\u00edcia em Caruaru"},"content":{"rendered":"\n<p>Dois homens morreram na tarde desta quarta-feira (20), ap\u00f3s troca de tiros com policiais do Batalh\u00e3o Especializado de Policiamento do Interior (BEPI), no S\u00edtio Caldas, zona rural de Caruaru. Os suspeitos foram socorridos para o Hospital Municipal Nossa Senhora de F\u00e1tima, mas n\u00e3o resistiram.<\/p>\n\n\n\n<p>A dupla estava armada com espingardas calibres 12 e 44, que foram apreendidas juntamente com muni\u00e7\u00f5es. Um ve\u00edculo Ecosport com placas de Santa Cruz do Capibaribe, e que foi roubado no \u00faltimo fim de semana,  tamb\u00e9m foi apreendido durante a a\u00e7\u00e3o. O material apreendido foi levado para a Delegacia de Pol\u00edcia Civil de Toritama.<\/p>\n\n\n\n<p>Um dos acusados foi identificado como sendo Ednaldo Ara\u00fajo de Oliveira, vulgo &#8220;Nado&#8221; de 49 anos, j\u00e1 foi preso h\u00e1 seis anos.<\/p>\n\n\n\n<p>Informa\u00e7\u00f5es: Helenivaldo Pereira\/R\u00e1dio Liberdade.<\/p>\n","protected":false},"excerpt":{"rendered":"<p>Dois homens morreram na tarde desta quarta-feira (20), ap\u00f3s troca de tiros com policiais do Batalh\u00e3o Especializado de Policiamento do&hellip;<\/p>\n","protected":false},"author":1,"featured_media":38824,"comment_status":"closed","ping_status":"open","sticky":false,"template":"","format":"standard","meta":{"footnotes":""},"categories":[14121],"tags":[2,14240],"class_list":["post-38823","post","type-post","status-publish","format-standard","has-post-thumbnail","hentry","category-policial","tag-blog-do-edvaldo-magalhaes","tag-dois-homens-morrem-em-troca-de-tiros-com-a-policia-em-caruaru"],"_links":{"self":[{"href":"https:\/\/blogdoedvaldomagalhaes.com.br\/index.php\/wp-json\/wp\/v2\/posts\/38823","targetHints":{"allow":["GET"]}}],"collection":[{"href":"https:\/\/blogdoedvaldomagalhaes.com.br\/index.php\/wp-json\/wp\/v2\/posts"}],"about":[{"href":"https:\/\/blogdoedvaldomagalhaes.com.br\/index.php\/wp-json\/wp\/v2\/types\/post"}],"author":[{"embeddable":true,"href":"https:\/\/blogdoedvaldomagalhaes.com.br\/index.php\/wp-json\/wp\/v2\/users\/1"}],"replies":[{"embeddable":true,"href":"https:\/\/blogdoedvaldomagalhaes.com.br\/index.php\/wp-json\/wp\/v2\/comments?post=38823"}],"version-history":[{"count":2,"href":"https:\/\/blogdoedvaldomagalhaes.com.br\/index.php\/wp-json\/wp\/v2\/posts\/38823\/revisions"}],"predecessor-version":[{"id":38831,"href":"https:\/\/blogdoedvaldomagalhaes.com.br\/index.php\/wp-json\/wp\/v2\/posts\/38823\/revisions\/38831"}],"wp:featuredmedia":[{"embeddable":true,"href":"https:\/\/blogdoedvaldomagalhaes.com.br\/index.php\/wp-json\/wp\/v2\/media\/38824"}],"wp:attachment":[{"href":"https:\/\/blogdoedvaldomagalhaes.com.br\/index.php\/wp-json\/wp\/v2\/media?parent=38823"}],"wp:term":[{"taxonomy":"category","embeddable":true,"href":"https:\/\/blogdoedvaldomagalhaes.com.br\/index.php\/wp-json\/wp\/v2\/categories?post=38823"},{"taxonomy":"post_tag","embeddable":true,"href":"https:\/\/blogdoedvaldomagalhaes.com.br\/index.php\/wp-json\/wp\/v2\/tags?post=38823"}],"curies":[{"name":"wp","href":"https:\/\/api.w.org\/{rel}","templated":true}]}}