{"id":38816,"date":"2019-02-20T19:20:10","date_gmt":"2019-02-20T22:20:10","guid":{"rendered":"http:\/\/blogdoedvaldomagalhaes.com.br\/?p=38816"},"modified":"2019-02-20T19:21:58","modified_gmt":"2019-02-20T22:21:58","slug":"ministerio-publico-recomenda-a-prefeitura-de-caruaru-nao-realizar-fracionamento-de-licitacoes","status":"publish","type":"post","link":"https:\/\/blogdoedvaldomagalhaes.com.br\/index.php\/2019\/02\/20\/ministerio-publico-recomenda-a-prefeitura-de-caruaru-nao-realizar-fracionamento-de-licitacoes\/","title":{"rendered":"Minist\u00e9rio P\u00fablico recomenda \u00e0 Prefeitura de Caruaru n\u00e3o realizar fracionamento de licita\u00e7\u00f5es"},"content":{"rendered":"\n<p><em> Nota do MPPE<\/em><\/p>\n\n\n\n<p><em>Emdefesa dos cofres p\u00fablicos, MPPE recomenda \u00e0 Prefeitura de Caruaru n\u00e3o realizar fracionamento de licita\u00e7\u00f5es<\/em><\/p>\n\n\n\n<p>O Minist\u00e9rio P\u00fablico de Pernambuco (MPPE) recomendou \u00e0 prefeita de Caruaru, Raquel Lyra, ao secret\u00e1rio de Urbanismo e Obras, Rodrigo de Assis, e \u00e0s presidentes das Comiss\u00f5es de Licita\u00e7\u00e3o do munic\u00edpio que se abstenham de praticar fracionamento de licita\u00e7\u00f5es com a finalidade de adotar modalidades mais simples na contrata\u00e7\u00e3o de servi\u00e7os.<\/p>\n\n\n\n<p>Saiba mais: http:\/\/bit.ly\/2VcxtbF<\/p>\n","protected":false},"excerpt":{"rendered":"<p>Nota do MPPE Emdefesa dos cofres p\u00fablicos, MPPE recomenda \u00e0 Prefeitura de Caruaru n\u00e3o realizar fracionamento de licita\u00e7\u00f5es O Minist\u00e9rio&hellip;<\/p>\n","protected":false},"author":1,"featured_media":38817,"comment_status":"closed","ping_status":"open","sticky":false,"template":"","format":"standard","meta":{"footnotes":""},"categories":[14122],"tags":[2,14238,1229,14239],"class_list":["post-38816","post","type-post","status-publish","format-standard","has-post-thumbnail","hentry","category-politica","tag-blog-do-edvaldo-magalhaes","tag-ministerio-publico-recomenda-a-prefeitura-de-caruaru-nao-realizar-fracionamento-de-licitacoes","tag-raquel-lyra","tag-rodrigo-de-assis"],"_links":{"self":[{"href":"https:\/\/blogdoedvaldomagalhaes.com.br\/index.php\/wp-json\/wp\/v2\/posts\/38816","targetHints":{"allow":["GET"]}}],"collection":[{"href":"https:\/\/blogdoedvaldomagalhaes.com.br\/index.php\/wp-json\/wp\/v2\/posts"}],"about":[{"href":"https:\/\/blogdoedvaldomagalhaes.com.br\/index.php\/wp-json\/wp\/v2\/types\/post"}],"author":[{"embeddable":true,"href":"https:\/\/blogdoedvaldomagalhaes.com.br\/index.php\/wp-json\/wp\/v2\/users\/1"}],"replies":[{"embeddable":true,"href":"https:\/\/blogdoedvaldomagalhaes.com.br\/index.php\/wp-json\/wp\/v2\/comments?post=38816"}],"version-history":[{"count":1,"href":"https:\/\/blogdoedvaldomagalhaes.com.br\/index.php\/wp-json\/wp\/v2\/posts\/38816\/revisions"}],"predecessor-version":[{"id":38818,"href":"https:\/\/blogdoedvaldomagalhaes.com.br\/index.php\/wp-json\/wp\/v2\/posts\/38816\/revisions\/38818"}],"wp:featuredmedia":[{"embeddable":true,"href":"https:\/\/blogdoedvaldomagalhaes.com.br\/index.php\/wp-json\/wp\/v2\/media\/38817"}],"wp:attachment":[{"href":"https:\/\/blogdoedvaldomagalhaes.com.br\/index.php\/wp-json\/wp\/v2\/media?parent=38816"}],"wp:term":[{"taxonomy":"category","embeddable":true,"href":"https:\/\/blogdoedvaldomagalhaes.com.br\/index.php\/wp-json\/wp\/v2\/categories?post=38816"},{"taxonomy":"post_tag","embeddable":true,"href":"https:\/\/blogdoedvaldomagalhaes.com.br\/index.php\/wp-json\/wp\/v2\/tags?post=38816"}],"curies":[{"name":"wp","href":"https:\/\/api.w.org\/{rel}","templated":true}]}}