{"id":3881,"date":"2017-11-29T10:56:00","date_gmt":"2017-11-29T12:56:00","guid":{"rendered":"http:\/\/blogdoedvaldomagalhaes.com.br\/index.php\/2017\/11\/29\/secretario-de-servicos-publicos-de-2\/"},"modified":"2019-02-09T01:54:36","modified_gmt":"2019-02-09T03:54:36","slug":"secretario-de-servicos-publicos-de-2","status":"publish","type":"post","link":"https:\/\/blogdoedvaldomagalhaes.com.br\/index.php\/2017\/11\/29\/secretario-de-servicos-publicos-de-2\/","title":{"rendered":"Secret\u00e1rio de Servi\u00e7os P\u00fablicos de Caruaru fala sobre camel\u00f3dromo, coleta seletiva, transfer\u00eancia da feira da sulanca e GPA"},"content":{"rendered":"<div class=\"separator\" style=\"clear: both; text-align: center;\">\n<a href=\"https:\/\/1.bp.blogspot.com\/-R3y87YHh_6w\/Wh6Ro_6VZ6I\/AAAAAAAAlnQ\/48Qquq1xhiMTkSm8oxeOOgHp9S1lCiHIwCLcBGAs\/s1600\/secret%25C3%25A1rio.jpg\" imageanchor=\"1\" style=\"margin-left: 1em; margin-right: 1em;\"><img loading=\"lazy\" decoding=\"async\" border=\"0\" data-original-height=\"721\" data-original-width=\"1024\" height=\"281\" src=\"http:\/\/blogdoedvaldomagalhaes.com.br\/wp-content\/uploads\/2017\/11\/secretC3A1rio.jpg\" width=\"400\" \/><\/a><\/div>\n<div class=\"separator\" style=\"clear: both; text-align: center;\">\nFoto: Vladimir Barreto Rodrigues<\/div>\n<div class=\"separator\" style=\"clear: both; text-align: justify;\">\n<\/div>\n<div class=\"separator\" style=\"clear: both; text-align: justify;\">\nO Secret\u00e1rio de Servi\u00e7os P\u00fablicos de Caruaru, Humberto Correia, participou da reuni\u00e3o ordin\u00e1ria da C\u00e2mara Municipal nessa ter\u00e7a-feira (28), onde prestou contas de sua pasta e respondeu perguntas dos vereadores.&nbsp;Entre os assuntos abordados, o secret\u00e1rio destacou:<\/div>\n<div class=\"separator\" style=\"clear: both; text-align: justify;\">\n<\/div>\n<div class=\"separator\" style=\"clear: both; text-align: justify;\">\n&#8220;Sou a favor da coleta seletiva de lixo e contra a incinera\u00e7\u00e3o&#8221;;<\/div>\n<div class=\"separator\" style=\"clear: both; text-align: justify;\">\n&#8220;Recebi a notifica\u00e7\u00e3o do Conselho Regional de Medicina Veterin\u00e1ria de Pernambuco e estou tomando as provid\u00eancias&#8221;<\/div>\n<div class=\"separator\" style=\"clear: both; text-align: justify;\">\n&#8220;Quando assumi a secretaria, que n\u00e3o havia nenhum contrato, todos foram encerrados na \u00faltima gest\u00e3o&#8221;;<\/div>\n<div class=\"separator\" style=\"clear: both; text-align: justify;\">\n&#8220;A prefeitura est\u00e1 pagando a Locar religiosamente em dia apesar de est\u00e1 sem contrato. a empresa vai participar de uma licita\u00e7\u00e3o, onde ser\u00e1 definida a contrata\u00e7\u00e3o da empresa que vai fazer a coleta de lixo at\u00e9 o final do atual governo&#8221;;<\/div>\n<div class=\"separator\" style=\"clear: both; text-align: justify;\">\n&#8220;A transfer\u00eancia da feira da sulanca depende exclusivamente dos recursos financeiros&#8221;;<\/div>\n<div class=\"separator\" style=\"clear: both; text-align: justify;\">\n&#8220;A quest\u00e3o do camel\u00f3dromo est\u00e1 sendo estudada&#8221;.<\/div>\n<p><\/p>\n","protected":false},"excerpt":{"rendered":"<p>Foto: Vladimir Barreto Rodrigues O Secret\u00e1rio de Servi\u00e7os P\u00fablicos de Caruaru, Humberto Correia, participou da reuni\u00e3o ordin\u00e1ria da C\u00e2mara Municipal&hellip;<\/p>\n","protected":false},"author":1,"featured_media":0,"comment_status":"open","ping_status":"open","sticky":false,"template":"","format":"standard","meta":{"footnotes":""},"categories":[1],"tags":[2,4616,20,4617,4618],"class_list":["post-3881","post","type-post","status-publish","format-standard","hentry","category-sem-categoria","tag-blog-do-edvaldo-magalhaes","tag-coleta-seletiva","tag-politica","tag-secretario-de-servicos-publicos-de-caruaru-fala-sobre-camelodromo","tag-transferencia-da-feira-da-sulanca-e-gpa"],"_links":{"self":[{"href":"https:\/\/blogdoedvaldomagalhaes.com.br\/index.php\/wp-json\/wp\/v2\/posts\/3881","targetHints":{"allow":["GET"]}}],"collection":[{"href":"https:\/\/blogdoedvaldomagalhaes.com.br\/index.php\/wp-json\/wp\/v2\/posts"}],"about":[{"href":"https:\/\/blogdoedvaldomagalhaes.com.br\/index.php\/wp-json\/wp\/v2\/types\/post"}],"author":[{"embeddable":true,"href":"https:\/\/blogdoedvaldomagalhaes.com.br\/index.php\/wp-json\/wp\/v2\/users\/1"}],"replies":[{"embeddable":true,"href":"https:\/\/blogdoedvaldomagalhaes.com.br\/index.php\/wp-json\/wp\/v2\/comments?post=3881"}],"version-history":[{"count":1,"href":"https:\/\/blogdoedvaldomagalhaes.com.br\/index.php\/wp-json\/wp\/v2\/posts\/3881\/revisions"}],"predecessor-version":[{"id":26632,"href":"https:\/\/blogdoedvaldomagalhaes.com.br\/index.php\/wp-json\/wp\/v2\/posts\/3881\/revisions\/26632"}],"wp:attachment":[{"href":"https:\/\/blogdoedvaldomagalhaes.com.br\/index.php\/wp-json\/wp\/v2\/media?parent=3881"}],"wp:term":[{"taxonomy":"category","embeddable":true,"href":"https:\/\/blogdoedvaldomagalhaes.com.br\/index.php\/wp-json\/wp\/v2\/categories?post=3881"},{"taxonomy":"post_tag","embeddable":true,"href":"https:\/\/blogdoedvaldomagalhaes.com.br\/index.php\/wp-json\/wp\/v2\/tags?post=3881"}],"curies":[{"name":"wp","href":"https:\/\/api.w.org\/{rel}","templated":true}]}}