{"id":38805,"date":"2019-02-20T18:00:32","date_gmt":"2019-02-20T21:00:32","guid":{"rendered":"http:\/\/blogdoedvaldomagalhaes.com.br\/?p=38805"},"modified":"2019-02-20T18:18:44","modified_gmt":"2019-02-20T21:18:44","slug":"sesc-promove-acoes-de-saude-gratuitas-em-caruaru-nesta-quinta-feira-21","status":"publish","type":"post","link":"https:\/\/blogdoedvaldomagalhaes.com.br\/index.php\/2019\/02\/20\/sesc-promove-acoes-de-saude-gratuitas-em-caruaru-nesta-quinta-feira-21\/","title":{"rendered":"Sesc promove a\u00e7\u00f5es de sa\u00fade gratuitas em Caruaru nesta quinta-feira (21)"},"content":{"rendered":"\n<p>Nesta quinta-feira (21\/02), o Sesc Caruaru promove uma s\u00e9rie de a\u00e7\u00f5es de sa\u00fade voltadas para a popula\u00e7\u00e3o que se prepara para aproveitar o Carnaval. As atividades acontecem no Marco Zero, em frente \u00e0 Igreja Nossa Senhora da Concei\u00e7\u00e3o, a partir das 8h. A expectativa da Unidade \u00e9 que cerca de 500 atendimentos sejam realizados gratuitamente.<\/p>\n\n\n\n<p>Haver\u00e1 orienta\u00e7\u00f5es sobre a preven\u00e7\u00e3o \u00e0s Infec\u00e7\u00f5es Sexualmente Transmiss\u00edveis (ISTs\/AIDS), distribui\u00e7\u00e3o de preservativos masculinos e encaminhamentos para servi\u00e7os de refer\u00eancia para realiza\u00e7\u00e3o de testes. \u201cSabemos dos riscos aos quais a popula\u00e7\u00e3o est\u00e1 exposta principalmente nos per\u00edodos festivos, como o Carnaval. Nosso objetivo \u00e9 conversar com esse p\u00fablico a fim de diminuir as possibilidades de contamina\u00e7\u00e3o nos festejos desse ano\u201d, explica a assistente social do Sesc Caruaru, Concei\u00e7\u00e3o de Paulo.<\/p>\n\n\n\n<p>Al\u00e9m das a\u00e7\u00f5es voltadas para as ISTs\/AIDS, o p\u00fablico vai receber orienta\u00e7\u00f5es sobre a preven\u00e7\u00e3o \u00e0 hipertens\u00e3o, \u00e0 hiperglicemia, os cuidados com o sol, alimenta\u00e7\u00e3o saud\u00e1vel e cuidados com a vis\u00e3o. Haver\u00e1 ainda aferi\u00e7\u00e3o arterial, teste de glicose, avalia\u00e7\u00e3o nutricional e preven\u00e7\u00e3o ao c\u00e2ncer de pele. O projeto ser\u00e1 realizado em parceria com o Senac, a Secretaria de Sa\u00fade de Caruaru, \u00f3ticas Diniz, Uninassau e a Unifavip\/Wyden.<br><\/p>\n","protected":false},"excerpt":{"rendered":"<p>Nesta quinta-feira (21\/02), o Sesc Caruaru promove uma s\u00e9rie de a\u00e7\u00f5es de sa\u00fade voltadas para a popula\u00e7\u00e3o que se prepara&hellip;<\/p>\n","protected":false},"author":1,"featured_media":38806,"comment_status":"closed","ping_status":"open","sticky":false,"template":"","format":"standard","meta":{"footnotes":""},"categories":[14120],"tags":[2,3539,14234],"class_list":["post-38805","post","type-post","status-publish","format-standard","has-post-thumbnail","hentry","category-noticias","tag-blog-do-edvaldo-magalhaes","tag-marco-zero","tag-sesc-promove-acoes-de-saude-gratuitas-em-caruaru-nesta-quinta-feira-21"],"_links":{"self":[{"href":"https:\/\/blogdoedvaldomagalhaes.com.br\/index.php\/wp-json\/wp\/v2\/posts\/38805","targetHints":{"allow":["GET"]}}],"collection":[{"href":"https:\/\/blogdoedvaldomagalhaes.com.br\/index.php\/wp-json\/wp\/v2\/posts"}],"about":[{"href":"https:\/\/blogdoedvaldomagalhaes.com.br\/index.php\/wp-json\/wp\/v2\/types\/post"}],"author":[{"embeddable":true,"href":"https:\/\/blogdoedvaldomagalhaes.com.br\/index.php\/wp-json\/wp\/v2\/users\/1"}],"replies":[{"embeddable":true,"href":"https:\/\/blogdoedvaldomagalhaes.com.br\/index.php\/wp-json\/wp\/v2\/comments?post=38805"}],"version-history":[{"count":2,"href":"https:\/\/blogdoedvaldomagalhaes.com.br\/index.php\/wp-json\/wp\/v2\/posts\/38805\/revisions"}],"predecessor-version":[{"id":38808,"href":"https:\/\/blogdoedvaldomagalhaes.com.br\/index.php\/wp-json\/wp\/v2\/posts\/38805\/revisions\/38808"}],"wp:featuredmedia":[{"embeddable":true,"href":"https:\/\/blogdoedvaldomagalhaes.com.br\/index.php\/wp-json\/wp\/v2\/media\/38806"}],"wp:attachment":[{"href":"https:\/\/blogdoedvaldomagalhaes.com.br\/index.php\/wp-json\/wp\/v2\/media?parent=38805"}],"wp:term":[{"taxonomy":"category","embeddable":true,"href":"https:\/\/blogdoedvaldomagalhaes.com.br\/index.php\/wp-json\/wp\/v2\/categories?post=38805"},{"taxonomy":"post_tag","embeddable":true,"href":"https:\/\/blogdoedvaldomagalhaes.com.br\/index.php\/wp-json\/wp\/v2\/tags?post=38805"}],"curies":[{"name":"wp","href":"https:\/\/api.w.org\/{rel}","templated":true}]}}