{"id":38800,"date":"2019-02-20T14:09:57","date_gmt":"2019-02-20T17:09:57","guid":{"rendered":"http:\/\/blogdoedvaldomagalhaes.com.br\/?p=38800"},"modified":"2019-02-20T14:55:03","modified_gmt":"2019-02-20T17:55:03","slug":"ciretran-de-caruaru-solicita-reforco-policial-para-periodo-de-licenciamento","status":"publish","type":"post","link":"https:\/\/blogdoedvaldomagalhaes.com.br\/index.php\/2019\/02\/20\/ciretran-de-caruaru-solicita-reforco-policial-para-periodo-de-licenciamento\/","title":{"rendered":"Ciretran de Caruaru solicita refor\u00e7o policial para per\u00edodo de Licenciamento"},"content":{"rendered":"\n<pre class=\"wp-block-code\"><code>Com a chegada do per\u00edodo de Licenciamento dos ve\u00edculos no Estado de Pernambuco, que tem in\u00edcio neste m\u00eas de Fevereiro at\u00e9 abril, a 4\u00aa CIRETRAN (Circunscri\u00e7\u00e3o Regional de Tr\u00e2nsito) de Caruaru se planejou em solicitar o apoio policial do 4\u00ba BPM (Batalh\u00e3o de Pol\u00edcia Militar) e do BIESP (Batalh\u00e3o Integrado e Especializado) no refor\u00e7o da presen\u00e7a no \u00d3rg\u00e3o. \n\nNesse per\u00edodo as Quadrilhas de Roubos de Ve\u00edculos se organizam para furtar as C\u00e9dulas em Branco do CRLV (Certificado de Registro e Licenciamento de Ve\u00edculos), popularmente conhecido como o Documento \u201cVerdinho\u201d, para serem utilizados na clonagem de ve\u00edculos. Segundo o Diretor do \u00d3rg\u00e3o, Raffi\u00ea Dellon, \u00e9 altamente importante essa parceria com a Pol\u00edcia nesse per\u00edodo: \u201cO DETRAN de Caruaru est\u00e1 saindo na frente no planejamento. Tivemos assaltos nas CIRETRAns de Gravat\u00e1 e Paulista, inclusive com furto de viaturas e roubo de mais de 2 mil c\u00e9dulas. Aqui em Caruaru contamos com o BIESP e 4\u00ba BPM contra esse Crime Organizado\u201d. Comentou.<\/code><\/pre>\n","protected":false},"excerpt":{"rendered":"","protected":false},"author":1,"featured_media":38801,"comment_status":"closed","ping_status":"open","sticky":false,"template":"","format":"standard","meta":{"footnotes":""},"categories":[14120],"tags":[2,14233,1950,2491],"class_list":["post-38800","post","type-post","status-publish","format-standard","has-post-thumbnail","hentry","category-noticias","tag-blog-do-edvaldo-magalhaes","tag-ciretran-de-caruaru-solicita-reforco-policial-para-periodo-de-licenciamento","tag-noticias-de-caruaru","tag-raffie-dellon"],"_links":{"self":[{"href":"https:\/\/blogdoedvaldomagalhaes.com.br\/index.php\/wp-json\/wp\/v2\/posts\/38800","targetHints":{"allow":["GET"]}}],"collection":[{"href":"https:\/\/blogdoedvaldomagalhaes.com.br\/index.php\/wp-json\/wp\/v2\/posts"}],"about":[{"href":"https:\/\/blogdoedvaldomagalhaes.com.br\/index.php\/wp-json\/wp\/v2\/types\/post"}],"author":[{"embeddable":true,"href":"https:\/\/blogdoedvaldomagalhaes.com.br\/index.php\/wp-json\/wp\/v2\/users\/1"}],"replies":[{"embeddable":true,"href":"https:\/\/blogdoedvaldomagalhaes.com.br\/index.php\/wp-json\/wp\/v2\/comments?post=38800"}],"version-history":[{"count":2,"href":"https:\/\/blogdoedvaldomagalhaes.com.br\/index.php\/wp-json\/wp\/v2\/posts\/38800\/revisions"}],"predecessor-version":[{"id":38804,"href":"https:\/\/blogdoedvaldomagalhaes.com.br\/index.php\/wp-json\/wp\/v2\/posts\/38800\/revisions\/38804"}],"wp:featuredmedia":[{"embeddable":true,"href":"https:\/\/blogdoedvaldomagalhaes.com.br\/index.php\/wp-json\/wp\/v2\/media\/38801"}],"wp:attachment":[{"href":"https:\/\/blogdoedvaldomagalhaes.com.br\/index.php\/wp-json\/wp\/v2\/media?parent=38800"}],"wp:term":[{"taxonomy":"category","embeddable":true,"href":"https:\/\/blogdoedvaldomagalhaes.com.br\/index.php\/wp-json\/wp\/v2\/categories?post=38800"},{"taxonomy":"post_tag","embeddable":true,"href":"https:\/\/blogdoedvaldomagalhaes.com.br\/index.php\/wp-json\/wp\/v2\/tags?post=38800"}],"curies":[{"name":"wp","href":"https:\/\/api.w.org\/{rel}","templated":true}]}}