{"id":3879,"date":"2017-11-29T15:10:00","date_gmt":"2017-11-29T17:10:00","guid":{"rendered":"http:\/\/blogdoedvaldomagalhaes.com.br\/index.php\/2017\/11\/29\/artistas-caruaruenses-serao-premiados\/"},"modified":"2019-02-09T01:54:38","modified_gmt":"2019-02-09T03:54:38","slug":"artistas-caruaruenses-serao-premiados","status":"publish","type":"post","link":"https:\/\/blogdoedvaldomagalhaes.com.br\/index.php\/2017\/11\/29\/artistas-caruaruenses-serao-premiados\/","title":{"rendered":"Artistas caruaruenses ser\u00e3o premiados pelo Minist\u00e9rio da Cultura"},"content":{"rendered":"<div class=\"separator\" style=\"clear: both; text-align: center;\">\n<a href=\"https:\/\/4.bp.blogspot.com\/-44ayTGT_ofY\/Wh7MtX0EU-I\/AAAAAAAAlpI\/-7td16hAW8c__wvLKf63_GNu-bPeR8mRgCLcBGAs\/s1600\/12400564_871917152928014_6525737541598756618_n.jpg\" imageanchor=\"1\" style=\"margin-left: 1em; margin-right: 1em;\"><img loading=\"lazy\" decoding=\"async\" border=\"0\" data-original-height=\"635\" data-original-width=\"685\" height=\"370\" src=\"http:\/\/blogdoedvaldomagalhaes.com.br\/wp-content\/uploads\/2017\/11\/12400564_871917152928014_6525737541598756618_n.jpg\" width=\"400\" \/><\/a><\/div>\n<div class=\"separator\" style=\"clear: both; text-align: center;\">\n<\/div>\n<div style=\"background-color: white; border: 0px; margin-bottom: 1.5em; outline: 0px; padding: 0px; text-align: justify; vertical-align: baseline;\">\nA Funda\u00e7\u00e3o de Cultura e Turismo de Caruaru (FCTC), atrav\u00e9s da diretoria de projetos, comemorou o resultado final do Pr\u00eamio Culturas Populares Leandro Gomes de Barros, oferecido pelo Minist\u00e9rio da Cultura (MinC), divulgado nessa ter\u00e7a-feira (28). Oito dos 11 artistas caruaruenses inscritos pela FCTC na premia\u00e7\u00e3o foram habilitados.<\/div>\n<div style=\"background-color: white; border: 0px; margin-bottom: 1.5em; outline: 0px; padding: 0px; vertical-align: baseline;\">\n<\/div>\n<div style=\"background-color: white; border: 0px; margin-bottom: 1.5em; outline: 0px; padding: 0px; text-align: justify; vertical-align: baseline;\">\nOs projetos de Seb\u00e1 Alves, Severino Vitalino, Casa do Pife, Mazurca P\u00e9 Quente do Alto do Moura, Marliete Rodrigues, Manuel Eudocio (in memoriam), Mestre Luiz Ant\u00f4nio e Jo\u00e3o do Pife foram aprovados na etapa final e ser\u00e3o premiados com 10 mil reais cada. \u201cEstamos muito felizes por termos ajudado todos esses artistas, que t\u00eam uma import\u00e2ncia cultural t\u00e3o grande para a cidade. Juntamos o nosso conhecimento t\u00e9cnico com a arte deles e essa \u00e9 uma das nossas miss\u00f5es na Funda\u00e7\u00e3o\u201d, explica J\u00f4 Barbosa, diretora de projetos.<\/div>\n<div style=\"background-color: white; border: 0px; margin-bottom: 1.5em; outline: 0px; padding: 0px; vertical-align: baseline;\">\n<\/div>\n<div style=\"background-color: white; border: 0px; margin-bottom: 1.5em; outline: 0px; padding: 0px; text-align: justify; vertical-align: baseline;\">\nSeb\u00e1 Alves, que obteve nota 10, est\u00e1 h\u00e1 35 anos no mundo da arte \u00e0 frente do Teatro de Mamulengos. \u201cTer nosso trabalho reconhecido j\u00e1 \u00e9 uma premia\u00e7\u00e3o e mostra que estamos no caminho certo\u201d, comemora Seb\u00e1, que se autodenomina \u201coper\u00e1rio da arte\u201d.<\/div>\n<div style=\"background-color: white; border: 0px; margin-bottom: 1.5em; outline: 0px; padding: 0px; vertical-align: baseline;\">\n<\/div>\n<div style=\"background-color: white; border: 0px; margin-bottom: 1.5em; outline: 0px; padding: 0px; text-align: justify; vertical-align: baseline;\">\nEntre os crit\u00e9rios avaliados para obter a premia\u00e7\u00e3o, est\u00e3o contribui\u00e7\u00e3o sociocultural que o projeto proporcionou \u00e0s comunidades; melhoria da qualidade de vida das comunidades a partir de suas pr\u00e1ticas culturais; impacto social e contribui\u00e7\u00e3o para a preserva\u00e7\u00e3o da mem\u00f3ria e para a manuten\u00e7\u00e3o das atividades dos grupos, entre outros.<\/div>\n<div style=\"background-color: white; border: 0px; margin-bottom: 1.5em; outline: 0px; padding: 0px; vertical-align: baseline;\">\n<\/div>\n<div style=\"background-color: white; border: 0px; margin-bottom: 1.5em; outline: 0px; padding: 0px; text-align: justify; vertical-align: baseline;\">\n<strong style=\"border: 0px; font-style: inherit; margin: 0px; outline: 0px; padding: 0px; vertical-align: baseline;\">Sobre o Pr\u00eamio Culturas Populares Leandro Gomes de Barros \u2013<\/strong>&nbsp;Foi lan\u00e7ado em Caruaru, em meio ao Maior e Melhor S\u00e3o Jo\u00e3o do Mundo, no dia 22 de junho. Vai premiar 500 iniciativas, em todo o Pa\u00eds, que fortale\u00e7am as express\u00f5es culturais populares brasileiras, retomando pr\u00e1ticas em processo de esquecimento e que difundam as express\u00f5es populares para al\u00e9m dos limites de suas comunidades de origem. Exemplos dessas iniciativas s\u00e3o o cordel, a quadrilha, o maracatu, o jongo, o cortejo de afox\u00e9, o bumba-meu-boi e o boi de mam\u00e3o, entre outros. N\u00e3o est\u00e3o inclu\u00eddas culturas ind\u00edgenas, culturas ciganas, hip hop e capoeira, por j\u00e1 serem objeto de editais espec\u00edficos lan\u00e7ados pelo MinC. Este \u00e9 o primeiro edital de cultura popular lan\u00e7ado pelo Minist\u00e9rio da Cultura desde 2012 e o maior em n\u00famero de premia\u00e7\u00f5es.<\/div>\n","protected":false},"excerpt":{"rendered":"<p>A Funda\u00e7\u00e3o de Cultura e Turismo de Caruaru (FCTC), atrav\u00e9s da diretoria de projetos, comemorou o resultado final do Pr\u00eamio&hellip;<\/p>\n","protected":false},"author":1,"featured_media":0,"comment_status":"open","ping_status":"open","sticky":false,"template":"","format":"standard","meta":{"footnotes":""},"categories":[1],"tags":[4608,2,4609,4610,4611,4612,6,4613,4614],"class_list":["post-3879","post","type-post","status-publish","format-standard","hentry","category-sem-categoria","tag-artistas-caruaruenses-serao-premiados-pelo-ministerio-da-cultura","tag-blog-do-edvaldo-magalhaes","tag-casa-do-pife","tag-joao-do-pife","tag-marliete-rodrigues","tag-mazurca-pe-quente","tag-noticias","tag-seba-alves","tag-severino-vitalino"],"_links":{"self":[{"href":"https:\/\/blogdoedvaldomagalhaes.com.br\/index.php\/wp-json\/wp\/v2\/posts\/3879","targetHints":{"allow":["GET"]}}],"collection":[{"href":"https:\/\/blogdoedvaldomagalhaes.com.br\/index.php\/wp-json\/wp\/v2\/posts"}],"about":[{"href":"https:\/\/blogdoedvaldomagalhaes.com.br\/index.php\/wp-json\/wp\/v2\/types\/post"}],"author":[{"embeddable":true,"href":"https:\/\/blogdoedvaldomagalhaes.com.br\/index.php\/wp-json\/wp\/v2\/users\/1"}],"replies":[{"embeddable":true,"href":"https:\/\/blogdoedvaldomagalhaes.com.br\/index.php\/wp-json\/wp\/v2\/comments?post=3879"}],"version-history":[{"count":1,"href":"https:\/\/blogdoedvaldomagalhaes.com.br\/index.php\/wp-json\/wp\/v2\/posts\/3879\/revisions"}],"predecessor-version":[{"id":26640,"href":"https:\/\/blogdoedvaldomagalhaes.com.br\/index.php\/wp-json\/wp\/v2\/posts\/3879\/revisions\/26640"}],"wp:attachment":[{"href":"https:\/\/blogdoedvaldomagalhaes.com.br\/index.php\/wp-json\/wp\/v2\/media?parent=3879"}],"wp:term":[{"taxonomy":"category","embeddable":true,"href":"https:\/\/blogdoedvaldomagalhaes.com.br\/index.php\/wp-json\/wp\/v2\/categories?post=3879"},{"taxonomy":"post_tag","embeddable":true,"href":"https:\/\/blogdoedvaldomagalhaes.com.br\/index.php\/wp-json\/wp\/v2\/tags?post=3879"}],"curies":[{"name":"wp","href":"https:\/\/api.w.org\/{rel}","templated":true}]}}