{"id":38785,"date":"2019-02-20T09:09:16","date_gmt":"2019-02-20T12:09:16","guid":{"rendered":"http:\/\/blogdoedvaldomagalhaes.com.br\/?p=38785"},"modified":"2019-02-20T12:52:24","modified_gmt":"2019-02-20T15:52:24","slug":"anciao-passar-mal-e-morre-na-ceaca","status":"publish","type":"post","link":"https:\/\/blogdoedvaldomagalhaes.com.br\/index.php\/2019\/02\/20\/anciao-passar-mal-e-morre-na-ceaca\/","title":{"rendered":"Anci\u00e3o passa mal e morre na Ceaca"},"content":{"rendered":"\n<p>O idoso Severino Nogueira da Silva, de 72 anos de idade, que residia no bairro Salgado, morreu ap\u00f3s passar mal na Central de Abastecimento de Caruaru (Ceaca), na manh\u00e3 desta quarta-feira (20).<\/p>\n\n\n\n<p>De acordo com populares, o anci\u00e3o foi fazer compras e quando se dirigia para o seu ve\u00edculo sofreu um infarto. Policiais civis e militares est\u00e3o no local e o corpo ser\u00e1 encaminhado para o Instituto de Medicina Legal (IML).<\/p>\n\n\n\n<figure class=\"wp-block-image\"><img loading=\"lazy\" decoding=\"async\" width=\"1024\" height=\"576\" src=\"http:\/\/blogdoedvaldomagalhaes.com.br\/wp-content\/uploads\/2019\/02\/IMG-20190220-WA0018-1024x576.jpg\" alt=\"\" class=\"wp-image-38790\" srcset=\"https:\/\/blogdoedvaldomagalhaes.com.br\/wp-content\/uploads\/2019\/02\/IMG-20190220-WA0018-1024x576.jpg 1024w, https:\/\/blogdoedvaldomagalhaes.com.br\/wp-content\/uploads\/2019\/02\/IMG-20190220-WA0018-300x169.jpg 300w, https:\/\/blogdoedvaldomagalhaes.com.br\/wp-content\/uploads\/2019\/02\/IMG-20190220-WA0018-768x432.jpg 768w, https:\/\/blogdoedvaldomagalhaes.com.br\/wp-content\/uploads\/2019\/02\/IMG-20190220-WA0018-720x405.jpg 720w, https:\/\/blogdoedvaldomagalhaes.com.br\/wp-content\/uploads\/2019\/02\/IMG-20190220-WA0018.jpg 1032w\" sizes=\"auto, (max-width: 1024px) 100vw, 1024px\" \/><\/figure>\n","protected":false},"excerpt":{"rendered":"<p>O idoso Severino Nogueira da Silva, de 72 anos de idade, que residia no bairro Salgado, morreu ap\u00f3s passar mal&hellip;<\/p>\n","protected":false},"author":1,"featured_media":38789,"comment_status":"closed","ping_status":"open","sticky":false,"template":"","format":"standard","meta":{"footnotes":""},"categories":[14120],"tags":[14232,1943,2,5958,3149],"class_list":["post-38785","post","type-post","status-publish","format-standard","has-post-thumbnail","hentry","category-noticias","tag-anciao-passa-mal-e-morre-na-ceaca","tag-bairro-salgado","tag-blog-do-edvaldo-magalhaes","tag-ceaca","tag-iml"],"_links":{"self":[{"href":"https:\/\/blogdoedvaldomagalhaes.com.br\/index.php\/wp-json\/wp\/v2\/posts\/38785","targetHints":{"allow":["GET"]}}],"collection":[{"href":"https:\/\/blogdoedvaldomagalhaes.com.br\/index.php\/wp-json\/wp\/v2\/posts"}],"about":[{"href":"https:\/\/blogdoedvaldomagalhaes.com.br\/index.php\/wp-json\/wp\/v2\/types\/post"}],"author":[{"embeddable":true,"href":"https:\/\/blogdoedvaldomagalhaes.com.br\/index.php\/wp-json\/wp\/v2\/users\/1"}],"replies":[{"embeddable":true,"href":"https:\/\/blogdoedvaldomagalhaes.com.br\/index.php\/wp-json\/wp\/v2\/comments?post=38785"}],"version-history":[{"count":4,"href":"https:\/\/blogdoedvaldomagalhaes.com.br\/index.php\/wp-json\/wp\/v2\/posts\/38785\/revisions"}],"predecessor-version":[{"id":38796,"href":"https:\/\/blogdoedvaldomagalhaes.com.br\/index.php\/wp-json\/wp\/v2\/posts\/38785\/revisions\/38796"}],"wp:featuredmedia":[{"embeddable":true,"href":"https:\/\/blogdoedvaldomagalhaes.com.br\/index.php\/wp-json\/wp\/v2\/media\/38789"}],"wp:attachment":[{"href":"https:\/\/blogdoedvaldomagalhaes.com.br\/index.php\/wp-json\/wp\/v2\/media?parent=38785"}],"wp:term":[{"taxonomy":"category","embeddable":true,"href":"https:\/\/blogdoedvaldomagalhaes.com.br\/index.php\/wp-json\/wp\/v2\/categories?post=38785"},{"taxonomy":"post_tag","embeddable":true,"href":"https:\/\/blogdoedvaldomagalhaes.com.br\/index.php\/wp-json\/wp\/v2\/tags?post=38785"}],"curies":[{"name":"wp","href":"https:\/\/api.w.org\/{rel}","templated":true}]}}