{"id":3878,"date":"2017-11-29T15:22:00","date_gmt":"2017-11-29T17:22:00","guid":{"rendered":"http:\/\/blogdoedvaldomagalhaes.com.br\/index.php\/2017\/11\/29\/jovem-baleado-na-zona-rural-de-caruaru-2\/"},"modified":"2019-02-09T01:54:38","modified_gmt":"2019-02-09T03:54:38","slug":"jovem-baleado-na-zona-rural-de-caruaru-2","status":"publish","type":"post","link":"https:\/\/blogdoedvaldomagalhaes.com.br\/index.php\/2017\/11\/29\/jovem-baleado-na-zona-rural-de-caruaru-2\/","title":{"rendered":"Jovem baleado na zona rural de Caruaru morre em hospital de Toritama \u00e9 n\u00famero de homic\u00eddios chega a 250"},"content":{"rendered":"<div class=\"separator\" style=\"clear: both; text-align: center;\">\n<a href=\"https:\/\/1.bp.blogspot.com\/-XtnS6S-5QyU\/Wh7QoJkRcHI\/AAAAAAAAlpU\/kij2K95T3h4W1mJE2MzIB9h9DEf0bhCJwCLcBGAs\/s1600\/morre.jpg\" imageanchor=\"1\" style=\"margin-left: 1em; margin-right: 1em;\"><img loading=\"lazy\" decoding=\"async\" border=\"0\" data-original-height=\"423\" data-original-width=\"719\" height=\"235\" src=\"http:\/\/blogdoedvaldomagalhaes.com.br\/wp-content\/uploads\/2017\/11\/morre.jpg\" width=\"400\" \/><\/a><\/div>\n<div style=\"background-color: white; box-sizing: border-box; line-height: 24px; margin-bottom: 10px; text-align: justify;\">\n<\/div>\n<div style=\"background-color: white; box-sizing: border-box; line-height: 24px; margin-bottom: 10px; text-align: justify;\">\nMorreu no Hospital Nossa Senhora de F\u00e1tima, em Toritama, um jovem de 22 anos baleado na noite desta ter\u00e7a-feira (28), Jacar\u00e9 Grande, zona rural de Caruaru. Jos\u00e9 Carlos Nogueira Silva foi atingido por tr\u00eas tiros.<\/div>\n<div style=\"background-color: white; box-sizing: border-box; line-height: 24px; margin-bottom: 10px; text-align: justify;\">\nN\u00e3o h\u00e1 informa\u00e7\u00f5es sobre a autoria do crime e o corpo foi encaminhado para o Instituto de Medicina Legal (IML) de Caruaru.<\/div>\n<div style=\"background-color: white; box-sizing: border-box; line-height: 24px; margin-bottom: 10px; text-align: justify;\">\nCom este homic\u00eddio, sobe para 16 o n\u00famero de pessoas assassinadas no munic\u00edpio de Caruaru no m\u00eas de novembro e para 250 neste ano de 2017.<\/div>\n","protected":false},"excerpt":{"rendered":"<p>Morreu no Hospital Nossa Senhora de F\u00e1tima, em Toritama, um jovem de 22 anos baleado na noite desta ter\u00e7a-feira (28),&hellip;<\/p>\n","protected":false},"author":1,"featured_media":0,"comment_status":"open","ping_status":"open","sticky":false,"template":"","format":"standard","meta":{"footnotes":""},"categories":[1],"tags":[2,4607,13],"class_list":["post-3878","post","type-post","status-publish","format-standard","hentry","category-sem-categoria","tag-blog-do-edvaldo-magalhaes","tag-jovem-baleado-na-zona-rural-de-caruaru-morre-em-hospital-de-toritama-e-numero-de-homicidios-chega-a-250","tag-policial"],"_links":{"self":[{"href":"https:\/\/blogdoedvaldomagalhaes.com.br\/index.php\/wp-json\/wp\/v2\/posts\/3878","targetHints":{"allow":["GET"]}}],"collection":[{"href":"https:\/\/blogdoedvaldomagalhaes.com.br\/index.php\/wp-json\/wp\/v2\/posts"}],"about":[{"href":"https:\/\/blogdoedvaldomagalhaes.com.br\/index.php\/wp-json\/wp\/v2\/types\/post"}],"author":[{"embeddable":true,"href":"https:\/\/blogdoedvaldomagalhaes.com.br\/index.php\/wp-json\/wp\/v2\/users\/1"}],"replies":[{"embeddable":true,"href":"https:\/\/blogdoedvaldomagalhaes.com.br\/index.php\/wp-json\/wp\/v2\/comments?post=3878"}],"version-history":[{"count":1,"href":"https:\/\/blogdoedvaldomagalhaes.com.br\/index.php\/wp-json\/wp\/v2\/posts\/3878\/revisions"}],"predecessor-version":[{"id":26642,"href":"https:\/\/blogdoedvaldomagalhaes.com.br\/index.php\/wp-json\/wp\/v2\/posts\/3878\/revisions\/26642"}],"wp:attachment":[{"href":"https:\/\/blogdoedvaldomagalhaes.com.br\/index.php\/wp-json\/wp\/v2\/media?parent=3878"}],"wp:term":[{"taxonomy":"category","embeddable":true,"href":"https:\/\/blogdoedvaldomagalhaes.com.br\/index.php\/wp-json\/wp\/v2\/categories?post=3878"},{"taxonomy":"post_tag","embeddable":true,"href":"https:\/\/blogdoedvaldomagalhaes.com.br\/index.php\/wp-json\/wp\/v2\/tags?post=3878"}],"curies":[{"name":"wp","href":"https:\/\/api.w.org\/{rel}","templated":true}]}}