{"id":38774,"date":"2019-02-19T22:13:02","date_gmt":"2019-02-20T01:13:02","guid":{"rendered":"http:\/\/blogdoedvaldomagalhaes.com.br\/?p=38774"},"modified":"2019-02-19T22:13:05","modified_gmt":"2019-02-20T01:13:05","slug":"mulher-e-baleada-durante-assalto-em-caruaru-e-suspeito-e-preso-apos-trocar-tiros-com-a-policia","status":"publish","type":"post","link":"https:\/\/blogdoedvaldomagalhaes.com.br\/index.php\/2019\/02\/19\/mulher-e-baleada-durante-assalto-em-caruaru-e-suspeito-e-preso-apos-trocar-tiros-com-a-policia\/","title":{"rendered":"Mulher \u00e9 baleada durante assalto em Caruaru e suspeito \u00e9 preso ap\u00f3s trocar tiros com a pol\u00edcia"},"content":{"rendered":"\n<p>Uma mulher foi baleada durante um assalto, no final da manh\u00e3 desta ter\u00e7a-feira (19), no bairro Jo\u00e3o Mota, em Caruaru. O crime foi praticado por dois homens.<\/p>\n\n\n\n<p>Ap\u00f3s a investida, policiais do 1\u00ba BIEsp realizaram buscas nas proximidades e, ap\u00f3s troca de tiros, conseguiram prender Cleiton Bezerra da Silva, que ficou ferido. O outro suspeito conseguiu fugir. Um rev\u00f3lver calibre 38 foi apreendido.<\/p>\n\n\n\n<p>Por Helenivaldo Pereira.<\/p>\n\n\n\n<p>A mulher v\u00edtima dos assaltantes foi socorrida para o Hospital Regional do Agreste (HRA) e n\u00e3o corre risco de morte.<br><\/p>\n","protected":false},"excerpt":{"rendered":"<p>Uma mulher foi baleada durante um assalto, no final da manh\u00e3 desta ter\u00e7a-feira (19), no bairro Jo\u00e3o Mota, em Caruaru.&hellip;<\/p>\n","protected":false},"author":1,"featured_media":38775,"comment_status":"closed","ping_status":"open","sticky":false,"template":"","format":"standard","meta":{"footnotes":""},"categories":[14121],"tags":[14180,5836,2,14228,1950],"class_list":["post-38774","post","type-post","status-publish","format-standard","has-post-thumbnail","hentry","category-policial","tag-1o-biesp","tag-bairro-joao-mota","tag-blog-do-edvaldo-magalhaes","tag-mulher-e-baleada-durante-assalto-em-caruaru-e-suspeito-e-preso-apos-trocar-tiros-com-a-policia","tag-noticias-de-caruaru"],"_links":{"self":[{"href":"https:\/\/blogdoedvaldomagalhaes.com.br\/index.php\/wp-json\/wp\/v2\/posts\/38774","targetHints":{"allow":["GET"]}}],"collection":[{"href":"https:\/\/blogdoedvaldomagalhaes.com.br\/index.php\/wp-json\/wp\/v2\/posts"}],"about":[{"href":"https:\/\/blogdoedvaldomagalhaes.com.br\/index.php\/wp-json\/wp\/v2\/types\/post"}],"author":[{"embeddable":true,"href":"https:\/\/blogdoedvaldomagalhaes.com.br\/index.php\/wp-json\/wp\/v2\/users\/1"}],"replies":[{"embeddable":true,"href":"https:\/\/blogdoedvaldomagalhaes.com.br\/index.php\/wp-json\/wp\/v2\/comments?post=38774"}],"version-history":[{"count":1,"href":"https:\/\/blogdoedvaldomagalhaes.com.br\/index.php\/wp-json\/wp\/v2\/posts\/38774\/revisions"}],"predecessor-version":[{"id":38776,"href":"https:\/\/blogdoedvaldomagalhaes.com.br\/index.php\/wp-json\/wp\/v2\/posts\/38774\/revisions\/38776"}],"wp:featuredmedia":[{"embeddable":true,"href":"https:\/\/blogdoedvaldomagalhaes.com.br\/index.php\/wp-json\/wp\/v2\/media\/38775"}],"wp:attachment":[{"href":"https:\/\/blogdoedvaldomagalhaes.com.br\/index.php\/wp-json\/wp\/v2\/media?parent=38774"}],"wp:term":[{"taxonomy":"category","embeddable":true,"href":"https:\/\/blogdoedvaldomagalhaes.com.br\/index.php\/wp-json\/wp\/v2\/categories?post=38774"},{"taxonomy":"post_tag","embeddable":true,"href":"https:\/\/blogdoedvaldomagalhaes.com.br\/index.php\/wp-json\/wp\/v2\/tags?post=38774"}],"curies":[{"name":"wp","href":"https:\/\/api.w.org\/{rel}","templated":true}]}}