{"id":3877,"date":"2017-11-29T15:38:00","date_gmt":"2017-11-29T17:38:00","guid":{"rendered":"http:\/\/blogdoedvaldomagalhaes.com.br\/index.php\/2017\/11\/29\/elenco-da-paixao-de-cristo-de-nova\/"},"modified":"2019-02-09T01:54:43","modified_gmt":"2019-02-09T03:54:43","slug":"elenco-da-paixao-de-cristo-de-nova","status":"publish","type":"post","link":"https:\/\/blogdoedvaldomagalhaes.com.br\/index.php\/2017\/11\/29\/elenco-da-paixao-de-cristo-de-nova\/","title":{"rendered":"Elenco da Paix\u00e3o de Cristo de Nova Jerusal\u00e9m 2018 \u00e9 divulgado"},"content":{"rendered":"<div class=\"mc-column content-text active-extra-styles active-capital-letter\" data-block-id=\"2\" data-block-type=\"unstyled\" data-block-weight=\"44\" style=\"background-color: white; border: 0px; box-sizing: inherit; float: none; font-stretch: inherit; font-variant-numeric: inherit; letter-spacing: -0.6px; line-height: 1.77; margin: 0px auto 30px; max-width: calc(42.5rem); overflow-wrap: break-word; padding: 0px 1rem; vertical-align: baseline; width: 680px;\">\n<div class=\"separator\" style=\"clear: both; text-align: center;\">\n<\/div>\n<div class=\"separator\" style=\"clear: both; text-align: center;\">\n<\/div>\n<div class=\"separator\" style=\"clear: both; text-align: center;\">\n<a href=\"https:\/\/1.bp.blogspot.com\/-cJkKGJ88c3w\/Wh7UUuckYbI\/AAAAAAAAlpo\/VFJ5-KzKgNw4xwggLzDVlyggJT1jmsv1gCLcBGAs\/s1600\/globo.jpg\" imageanchor=\"1\" style=\"margin-left: 1em; margin-right: 1em;\"><img loading=\"lazy\" decoding=\"async\" border=\"0\" data-original-height=\"450\" data-original-width=\"620\" height=\"290\" src=\"http:\/\/blogdoedvaldomagalhaes.com.br\/wp-content\/uploads\/2017\/11\/globo.jpg\" width=\"400\" \/><\/a><\/div>\n<div class=\"separator\" style=\"clear: both; text-align: center;\">\nFoto: Divulga\u00e7\u00e3o\/Globo<\/div>\n<div class=\"content-text__container theme-color-primary-first-letter\" data-track-category=\"Link no Texto\" data-track-links=\"\" style=\"border: 0px; box-sizing: inherit; font-stretch: inherit; font-style: inherit; font-variant: inherit; font-weight: inherit; line-height: inherit; padding: 0px; text-align: justify; vertical-align: baseline;\">\n<\/div>\n<div class=\"content-text__container theme-color-primary-first-letter\" data-track-category=\"Link no Texto\" data-track-links=\"\" style=\"border: 0px; box-sizing: inherit; font-stretch: inherit; font-style: inherit; font-variant: inherit; font-weight: inherit; line-height: inherit; padding: 0px; text-align: justify; vertical-align: baseline;\">\nO elenco da Paix\u00e3o de Cristo de Nova Jerusal\u00e9m para a temporada 2018 est\u00e1 definido:&nbsp;Renato G\u00f3es vai interpretar Jesus, sendo a quinta vez que ele atuar\u00e1 na cidade-teatro. Entre 2007 e 2010 G\u00f3es fez o papel do ap\u00f3stolo Jo\u00e3o.<\/p>\n<div class=\"separator\" style=\"clear: both; text-align: center;\">\n<a href=\"https:\/\/3.bp.blogspot.com\/-7PAULvJTJUs\/Wh7sK0WgheI\/AAAAAAAAlqQ\/BHaQ5NSuQZgrhKbgDtv5kQx-2OQoL8ZiwCLcBGAs\/s1600\/foto.jpg\" imageanchor=\"1\" style=\"margin-left: 1em; margin-right: 1em;\"><img loading=\"lazy\" decoding=\"async\" border=\"0\" data-original-height=\"465\" data-original-width=\"620\" height=\"300\" src=\"http:\/\/blogdoedvaldomagalhaes.com.br\/wp-content\/uploads\/2017\/11\/foto-8.jpg\" width=\"400\" \/><\/a><\/div>\n<div class=\"separator\" style=\"clear: both; text-align: center;\">\nFoot: Kadu Moliterno\/Divulga\u00e7\u00e3o<\/div>\n<\/div>\n<\/div>\n<div class=\"mc-column content-text active-extra-styles \" data-block-id=\"4\" data-block-type=\"unstyled\" data-block-weight=\"34\" style=\"background-color: white; border: 0px; box-sizing: inherit; float: none; font-stretch: inherit; font-variant-numeric: inherit; letter-spacing: -0.6px; line-height: 1.77; margin: 0px auto 30px; max-width: calc(42.5rem); overflow-wrap: break-word; padding: 0px 1rem; vertical-align: baseline; width: 680px;\">\n<div class=\"content-text__container \" data-track-category=\"Link no Texto\" data-track-links=\"\" style=\"border: 0px; box-sizing: inherit; font-stretch: inherit; font-style: inherit; font-variant: inherit; font-weight: inherit; line-height: inherit; padding: 0px; text-align: justify; vertical-align: baseline;\">\nKadu Moliterno vai interpretar Pilatos, Victor Fasano ser\u00e1 Herodes, Tonico Pereira far\u00e1 o papel de An\u00e1s e Nicole Bahls ser\u00e1 Herod\u00edades.<\/p>\n<div class=\"separator\" style=\"clear: both; text-align: center;\">\n<a href=\"https:\/\/1.bp.blogspot.com\/-G508GWI4JeQ\/Wh7rpAgwAII\/AAAAAAAAlqI\/oOLchiMR5eAHXmEp3L4SQZDk3lETrU1eACLcBGAs\/s1600\/nicole%255B.jpeg\" imageanchor=\"1\" style=\"margin-left: 1em; margin-right: 1em;\"><img loading=\"lazy\" decoding=\"async\" border=\"0\" data-original-height=\"410\" data-original-width=\"730\" height=\"221\" src=\"http:\/\/blogdoedvaldomagalhaes.com.br\/wp-content\/uploads\/2017\/11\/nicole5B.jpeg\" width=\"400\" \/><\/a><\/div>\n<div class=\"separator\" style=\"clear: both; text-align: center;\">\nFoto: Nicole Bals\/Divulga\u00e7\u00e3o<\/div>\n<\/div>\n<\/div>\n<div class=\"mc-column content-text active-extra-styles \" data-block-id=\"5\" data-block-type=\"unstyled\" data-block-weight=\"35\" style=\"background-color: white; border: 0px; box-sizing: inherit; float: none; font-stretch: inherit; font-variant-numeric: inherit; letter-spacing: -0.6px; line-height: 1.77; margin: 0px auto 30px; max-width: calc(42.5rem); overflow-wrap: break-word; padding: 0px 1rem; vertical-align: baseline; width: 680px;\">\n<div class=\"content-text__container \" data-track-category=\"Link no Texto\" data-track-links=\"\" style=\"border: 0px; box-sizing: inherit; font-stretch: inherit; font-style: inherit; font-variant: inherit; font-weight: inherit; line-height: inherit; padding: 0px; text-align: justify; vertical-align: baseline;\">\nAl\u00e9m dos artistas convidados,&nbsp; 50 atores e atrizes pernambucanos, tamb\u00e9m ir\u00e3o atuar, com destaque para Fabiana Pirro que far\u00e1 o papel de Maria, Ricardo Mour\u00e3o que ser\u00e1 Caif\u00e1s, J\u00falio Rocha que ser\u00e1 Pedro e Jos\u00e9 Barbosa interpretando Judas.<\/p>\n<p><\/p>\n<div class=\"separator\" style=\"clear: both; text-align: center;\">\n<a href=\"https:\/\/2.bp.blogspot.com\/-QghgpIk8Jt0\/Wh7sjm39_OI\/AAAAAAAAlqU\/IPSF_idt8iQOxJg-WwQVXwpDeKJjGV00ACLcBGAs\/s1600\/victor.jpg\" imageanchor=\"1\" style=\"margin-left: 1em; margin-right: 1em;\"><img loading=\"lazy\" decoding=\"async\" border=\"0\" data-original-height=\"300\" data-original-width=\"615\" height=\"193\" src=\"http:\/\/blogdoedvaldomagalhaes.com.br\/wp-content\/uploads\/2017\/11\/victor.jpg\" width=\"400\" \/><\/a><\/div>\n<div class=\"separator\" style=\"clear: both; text-align: center;\">\nFoto: Victor Fasano\/Divulga\u00e7\u00e3o<\/div>\n<\/div>\n<\/div>\n<div data-track-action=\"ultimo chunk conteudo\" data-track-category=\"fim do conteudo\" data-track-noninteraction=\"false\" data-track-scroll=\"entrada completa viewport\" style=\"background-color: white; border: 0px; box-sizing: inherit; font-stretch: inherit; font-variant-numeric: inherit; line-height: inherit; margin: 0px; padding: 0px; vertical-align: baseline;\">\n<div class=\"mc-column content-text active-extra-styles \" data-block-id=\"6\" data-block-type=\"unstyled\" data-block-weight=\"67\" style=\"border: 0px; box-sizing: inherit; float: none; font-stretch: inherit; font-style: inherit; font-variant: inherit; font-weight: inherit; letter-spacing: -0.6px; line-height: 1.77; margin: 0px auto 30px; max-width: calc(42.5rem); overflow-wrap: break-word; padding: 0px 1rem; vertical-align: baseline; width: 680px;\">\n<div class=\"content-text__container \" data-track-category=\"Link no Texto\" data-track-links=\"\" style=\"border: 0px; box-sizing: inherit; font-stretch: inherit; font-style: inherit; font-variant: inherit; font-weight: inherit; line-height: inherit; padding: 0px; text-align: justify; vertical-align: baseline;\">\nA dire\u00e7\u00e3o continua com Carlos Reis e L\u00facio Lombardi. Os atores estar\u00e3o no dia 5 de dezembro, na cidade-teatro de Nova Jerusal\u00e9m, para a grava\u00e7\u00e3o dos filmes de divulga\u00e7\u00e3o do espet\u00e1culo.<\/p>\n<p><\/p>\n<div class=\"separator\" style=\"clear: both; text-align: center;\">\n<a href=\"https:\/\/4.bp.blogspot.com\/-1cN0zYmyc5k\/Wh7tEzDlZZI\/AAAAAAAAlqg\/I4dsXWrwavkoxj4-ONlPJ0pMSHnKN4BCACLcBGAs\/s1600\/tonico.jpg\" imageanchor=\"1\" style=\"margin-left: 1em; margin-right: 1em;\"><img loading=\"lazy\" decoding=\"async\" border=\"0\" data-original-height=\"300\" data-original-width=\"300\" height=\"400\" src=\"http:\/\/blogdoedvaldomagalhaes.com.br\/wp-content\/uploads\/2017\/11\/tonico.jpg\" width=\"400\" \/><\/a><\/div>\n<div class=\"separator\" style=\"clear: both; text-align: center;\">\nFoto: Tonico Pereira\/Divulga\u00e7\u00e3o<\/div>\n<\/div>\n<\/div>\n<\/div>\n","protected":false},"excerpt":{"rendered":"<p>Foto: Divulga\u00e7\u00e3o\/Globo O elenco da Paix\u00e3o de Cristo de Nova Jerusal\u00e9m para a temporada 2018 est\u00e1 definido:&nbsp;Renato G\u00f3es vai interpretar&hellip;<\/p>\n","protected":false},"author":1,"featured_media":0,"comment_status":"open","ping_status":"open","sticky":false,"template":"","format":"standard","meta":{"footnotes":""},"categories":[1],"tags":[2,4604,4605,3208,6,3209,3210,4606],"class_list":["post-3877","post","type-post","status-publish","format-standard","hentry","category-sem-categoria","tag-blog-do-edvaldo-magalhaes","tag-elenco-da-paixao-de-cristo-de-nova-jerusalem-2018-e-divulgado","tag-kadu-moliterno","tag-nicole-bahls","tag-noticias","tag-renato-goes","tag-tonico-pereira","tag-victor-fasano"],"_links":{"self":[{"href":"https:\/\/blogdoedvaldomagalhaes.com.br\/index.php\/wp-json\/wp\/v2\/posts\/3877","targetHints":{"allow":["GET"]}}],"collection":[{"href":"https:\/\/blogdoedvaldomagalhaes.com.br\/index.php\/wp-json\/wp\/v2\/posts"}],"about":[{"href":"https:\/\/blogdoedvaldomagalhaes.com.br\/index.php\/wp-json\/wp\/v2\/types\/post"}],"author":[{"embeddable":true,"href":"https:\/\/blogdoedvaldomagalhaes.com.br\/index.php\/wp-json\/wp\/v2\/users\/1"}],"replies":[{"embeddable":true,"href":"https:\/\/blogdoedvaldomagalhaes.com.br\/index.php\/wp-json\/wp\/v2\/comments?post=3877"}],"version-history":[{"count":1,"href":"https:\/\/blogdoedvaldomagalhaes.com.br\/index.php\/wp-json\/wp\/v2\/posts\/3877\/revisions"}],"predecessor-version":[{"id":26648,"href":"https:\/\/blogdoedvaldomagalhaes.com.br\/index.php\/wp-json\/wp\/v2\/posts\/3877\/revisions\/26648"}],"wp:attachment":[{"href":"https:\/\/blogdoedvaldomagalhaes.com.br\/index.php\/wp-json\/wp\/v2\/media?parent=3877"}],"wp:term":[{"taxonomy":"category","embeddable":true,"href":"https:\/\/blogdoedvaldomagalhaes.com.br\/index.php\/wp-json\/wp\/v2\/categories?post=3877"},{"taxonomy":"post_tag","embeddable":true,"href":"https:\/\/blogdoedvaldomagalhaes.com.br\/index.php\/wp-json\/wp\/v2\/tags?post=3877"}],"curies":[{"name":"wp","href":"https:\/\/api.w.org\/{rel}","templated":true}]}}