{"id":38768,"date":"2019-02-19T21:22:07","date_gmt":"2019-02-20T00:22:07","guid":{"rendered":"http:\/\/blogdoedvaldomagalhaes.com.br\/?p=38768"},"modified":"2019-02-19T21:26:39","modified_gmt":"2019-02-20T00:26:39","slug":"confira-a-programacao-deste-fim-de-semana-no-carnaval-caruaru-cultural-2019","status":"publish","type":"post","link":"https:\/\/blogdoedvaldomagalhaes.com.br\/index.php\/2019\/02\/19\/confira-a-programacao-deste-fim-de-semana-no-carnaval-caruaru-cultural-2019\/","title":{"rendered":"Confira a programa\u00e7\u00e3o deste fim de semana no \u201cCarnaval Caruaru Cultural 2019\u201d"},"content":{"rendered":"\n<p>Na quinta-feira (21), a Secretaria de Pol\u00edticas P\u00fablicas para Mulheres (SPM) promover\u00e1 o 1\u00ba Aul\u00e3o de Frevo. Ser\u00e1 realizado na sede da secretaria, \u00e0s 14h. O p\u00fablico-alvo \u00e9 formado por mulheres do munic\u00edpio e por aquelas atendidas pela SPM.<\/p>\n\n\n\n<p>\u201cTambores de Caruaru\u201d aquecer\u00e1 os foli\u00f5es na sexta-feira (22), a partir das 17h, no Marco Zero. A iniciativa \u00e9 da Secretaria de Desenvolvimento Social e Direitos Humanos (SDSDH) em parceria com a Funda\u00e7\u00e3o de Cultura e Turismo. O evento proporcionar\u00e1 um encontro de grupos percussivos do Servi\u00e7o de Conviv\u00eancia e Fortalecimento de V\u00ednculos (SCFV) e demais grupos convidados. Aproximadamente 150 percussionistas sob o comando dos professores Wagner Santos, Danilo Ferreira e Carlos Filho formar\u00e3o um grande grupo percussivo.<\/p>\n\n\n\n<p>No s\u00e1bado (23), o Bloco \u201cInclusive Eu!\u201d, organizado pela SDSDH far\u00e1 um cortejo carnavalesco com cerca de 300 crian\u00e7as, adolescentes e idosos do SCFV, a partir das 13h. O cortejo ter\u00e1 concentra\u00e7\u00e3o na Esta\u00e7\u00e3o Ferrovi\u00e1ria e seguir\u00e1 pelo corredor da folia at\u00e9 o Polo da Inclus\u00e3o, com blocos l\u00edricos, bumba-meu-boi, caboclinhos, maracatu, orquestra de pau e cordas, orquestra de frevo e passistas. J\u00e1 no domingo (24), a Avenida Agamenon recebe o \u201cCarnaval Intergeracional\u201d, a partir das 9h. A programa\u00e7\u00e3o conta com um baile carnavalesco de rua e com participa\u00e7\u00e3o de grupos de crian\u00e7as e idosos do SCFV.<\/p>\n\n\n\n<p>POLO ESTA\u00c7\u00c3O FOLIA<br>_(Esta\u00e7\u00e3o Ferrovi\u00e1ria)_<br>13H \u2013 CORTEJO DOIS BOIS DE CARUARU (SURUBIM \u2013 TIRA-TEIMA \u2013 MIMOSO \u2013 TEIMOSO \u2013 NELORE \u2013 TREME TERRA)<br>14H \u2013 IL\u00ca DANDARA<br>14H30 \u2013 BONECOS GIGANTES DE OLINDA<br>15H \u2013 LA URSA<br>15H30 \u2013 GRUPO PAPANGUARTE DE BEZERROS<br>\u2013 PALCO REC BEAT:<br>16h -16h30 D\u2019Renor (PE)<br>16h30 \u2013 17h15 70mg (PE)<br>17h35 \u2013 18h25 Tuyo (PR)<br>18h45 \u2013 20h Eddie (PE)<\/p>\n\n\n\n<p>POLO PEDRO SUCATA \u2013 \u201cBLOCO DO SUCATA\u201d<br>_(Rua Jo\u00e3o Cond\u00e9)_<br>13H \u2013 ORQUESTRA FERNANDO BORGES<br>15H \u2013 SILV\u00c9RIO PESSOA \u2013 PARTICIPA\u00c7\u00c3O DE ALM\u00c9RIO<\/p>\n\n\n\n<p>POLO CAF\u00c9 COM FREVO<br>_(Pra\u00e7a do Banco do Brasil \u2013 Caf\u00e9 Guarany)_<br>13H \u2013 ORQUESTRA DO MAESTRO MINININHO (SA\u00cdDA EM DIRE\u00c7\u00c3O AO POLO ESTA\u00c7\u00c3O FOLIA \u00c0S 14H30MIN)<br>14H30 \u2013 ORQUESTRA ITINERANTE (SA\u00cdDA EM DIRE\u00c7\u00c3O AO POLO ESTA\u00c7\u00c3O FOLIA \u00c0S 16H00MIN)<br>16H \u2013 ORQUESTRA DE FREVO DE \u201cSEU\u201d KEK\u00c9 (SA\u00cdDA EM DIRE\u00c7\u00c3O AO POLO ESTA\u00c7\u00c3O FOLIA \u00c0S 16H COM VOLTA \u00c0S 18H )<\/p>\n\n\n\n<p>CORREDOR CARLOS FERNANDO<br>_(Rua Silva Jardim)_<br>A PARTIR DAS 13H \u2013 PRINCIPAL CORREDOR DE PASSAGEM DAS MANIFESTA\u00c7\u00d5ES CULTURAIS QUE SE APRESENTAR\u00c3O NA ESTA\u00c7\u00c3O (BOIS, L\u00c1 URSAS, BONECOS GIGANTES, PAPANGUS, ORQUESTRAS E BLOCOS).<\/p>\n\n\n\n<p>POLO JACKSON DO PANDEIRO \u2013 BLOCO \u201cEU VOU NO SEU CAF\u00c9\u201d<br>_(Rua Oscar Mariano)_<br>13H \u2013 ORQUESTRA DO MAESTRO PEZ\u00c3O<br>14H \u2013 DJ WALDYR ARCANJO TOCA JACKSON DO PANDEIRO<br>15H \u2013 FARINGES EL\u00c9TRICO<\/p>\n\n\n\n<p>POLO ALDO TEIXEIRA<br>_(Rua dos Expedicion\u00e1rios)_<br>13H \u2013 ORQUESTRA DO BATISTA<br>15H \u2013 ORQUESTRA NOVA EUTERPE<br>17H \u2013 BLOCO DA SAUDADE DO SESC<\/p>\n\n\n\n<p>POLO INCLUS\u00c3O NA FOLIA<br>_(Pra\u00e7a Jos\u00e9 Martins)_<br>13H \u2013 BANDA DA APODEC<br>14H30 \u2013 ORQUESTRA DE FREVO<br>16H -BANDA SEGNUS<\/p>\n\n\n\n<p>Foto: Rafael Lima\/Divulga\u00e7\u00e3o<\/p>\n","protected":false},"excerpt":{"rendered":"<p>Na quinta-feira (21), a Secretaria de Pol\u00edticas P\u00fablicas para Mulheres (SPM) promover\u00e1 o 1\u00ba Aul\u00e3o de Frevo. Ser\u00e1 realizado na&hellip;<\/p>\n","protected":false},"author":1,"featured_media":38769,"comment_status":"closed","ping_status":"open","sticky":false,"template":"","format":"standard","meta":{"footnotes":""},"categories":[14120],"tags":[14226,14227,14225,1950],"class_list":["post-38768","post","type-post","status-publish","format-standard","has-post-thumbnail","hentry","category-noticias","tag-blog-do-edvaldo-magalhaqes","tag-carnaval","tag-confira-a-programacao-deste-fim-de-semana-no-carnaval-caruaru-cultural-2019","tag-noticias-de-caruaru"],"_links":{"self":[{"href":"https:\/\/blogdoedvaldomagalhaes.com.br\/index.php\/wp-json\/wp\/v2\/posts\/38768","targetHints":{"allow":["GET"]}}],"collection":[{"href":"https:\/\/blogdoedvaldomagalhaes.com.br\/index.php\/wp-json\/wp\/v2\/posts"}],"about":[{"href":"https:\/\/blogdoedvaldomagalhaes.com.br\/index.php\/wp-json\/wp\/v2\/types\/post"}],"author":[{"embeddable":true,"href":"https:\/\/blogdoedvaldomagalhaes.com.br\/index.php\/wp-json\/wp\/v2\/users\/1"}],"replies":[{"embeddable":true,"href":"https:\/\/blogdoedvaldomagalhaes.com.br\/index.php\/wp-json\/wp\/v2\/comments?post=38768"}],"version-history":[{"count":3,"href":"https:\/\/blogdoedvaldomagalhaes.com.br\/index.php\/wp-json\/wp\/v2\/posts\/38768\/revisions"}],"predecessor-version":[{"id":38773,"href":"https:\/\/blogdoedvaldomagalhaes.com.br\/index.php\/wp-json\/wp\/v2\/posts\/38768\/revisions\/38773"}],"wp:featuredmedia":[{"embeddable":true,"href":"https:\/\/blogdoedvaldomagalhaes.com.br\/index.php\/wp-json\/wp\/v2\/media\/38769"}],"wp:attachment":[{"href":"https:\/\/blogdoedvaldomagalhaes.com.br\/index.php\/wp-json\/wp\/v2\/media?parent=38768"}],"wp:term":[{"taxonomy":"category","embeddable":true,"href":"https:\/\/blogdoedvaldomagalhaes.com.br\/index.php\/wp-json\/wp\/v2\/categories?post=38768"},{"taxonomy":"post_tag","embeddable":true,"href":"https:\/\/blogdoedvaldomagalhaes.com.br\/index.php\/wp-json\/wp\/v2\/tags?post=38768"}],"curies":[{"name":"wp","href":"https:\/\/api.w.org\/{rel}","templated":true}]}}