{"id":3876,"date":"2017-11-29T15:54:00","date_gmt":"2017-11-29T17:54:00","guid":{"rendered":"http:\/\/blogdoedvaldomagalhaes.com.br\/index.php\/2017\/11\/29\/vereador-de-caruaru-duda-do-vassoura\/"},"modified":"2019-02-09T01:54:43","modified_gmt":"2019-02-09T03:54:43","slug":"vereador-de-caruaru-duda-do-vassoura","status":"publish","type":"post","link":"https:\/\/blogdoedvaldomagalhaes.com.br\/index.php\/2017\/11\/29\/vereador-de-caruaru-duda-do-vassoura\/","title":{"rendered":"Vereador de Caruaru Duda do Vassoural ser\u00e1 candidato a deputado federal pelo PRTB"},"content":{"rendered":"<div class=\"separator\" style=\"clear: both; text-align: center;\">\n<a href=\"https:\/\/3.bp.blogspot.com\/-xRIqjYBs68Y\/Wh7XeTbN6dI\/AAAAAAAAlp0\/K4CaSoA5a6ohAcYA0KWzFHOKzF9zsyaTgCLcBGAs\/s1600\/vitor.jpg\" imageanchor=\"1\" style=\"margin-left: 1em; margin-right: 1em;\"><img loading=\"lazy\" decoding=\"async\" border=\"0\" data-original-height=\"337\" data-original-width=\"450\" height=\"298\" src=\"http:\/\/blogdoedvaldomagalhaes.com.br\/wp-content\/uploads\/2017\/11\/vitor.jpg\" width=\"400\" \/><\/a><\/div>\n<div class=\"separator\" style=\"clear: both; text-align: center;\">\nFoto: Victor Vargas<\/div>\n<div class=\"separator\" style=\"clear: both; text-align: center;\">\n<\/div>\n<div class=\"separator\" style=\"clear: both; text-align: justify;\">\nO vereador Duda do Vassoural \u00e9 pr\u00e9-candidato a deputado federal pelo PRTB. O nome de Duda, foi confirmado pelo presidente do diret\u00f3rio municipal, Luciel Emerson.&nbsp;<\/div>\n<div class=\"separator\" style=\"clear: both; text-align: justify;\">\n<\/div>\n<div class=\"separator\" style=\"clear: both; text-align: justify;\">\nO tamb\u00e9m vereador do Edjailson da Caru Forr\u00f3, poder\u00e1 ser candidato a deputado estadual. neste caso, os edis poder\u00e3o fazer uma dobrinha do PRTB, em Caruaru.<\/div>\n<p><\/p>\n","protected":false},"excerpt":{"rendered":"<p>Foto: Victor Vargas O vereador Duda do Vassoural \u00e9 pr\u00e9-candidato a deputado federal pelo PRTB. O nome de Duda, foi&hellip;<\/p>\n","protected":false},"author":1,"featured_media":0,"comment_status":"open","ping_status":"open","sticky":false,"template":"","format":"standard","meta":{"footnotes":""},"categories":[1],"tags":[2,20,4603],"class_list":["post-3876","post","type-post","status-publish","format-standard","hentry","category-sem-categoria","tag-blog-do-edvaldo-magalhaes","tag-politica","tag-vereador-de-caruaru-duda-do-vassoural-sera-candidato-a-deputado-federal-pelo-prtb"],"_links":{"self":[{"href":"https:\/\/blogdoedvaldomagalhaes.com.br\/index.php\/wp-json\/wp\/v2\/posts\/3876","targetHints":{"allow":["GET"]}}],"collection":[{"href":"https:\/\/blogdoedvaldomagalhaes.com.br\/index.php\/wp-json\/wp\/v2\/posts"}],"about":[{"href":"https:\/\/blogdoedvaldomagalhaes.com.br\/index.php\/wp-json\/wp\/v2\/types\/post"}],"author":[{"embeddable":true,"href":"https:\/\/blogdoedvaldomagalhaes.com.br\/index.php\/wp-json\/wp\/v2\/users\/1"}],"replies":[{"embeddable":true,"href":"https:\/\/blogdoedvaldomagalhaes.com.br\/index.php\/wp-json\/wp\/v2\/comments?post=3876"}],"version-history":[{"count":1,"href":"https:\/\/blogdoedvaldomagalhaes.com.br\/index.php\/wp-json\/wp\/v2\/posts\/3876\/revisions"}],"predecessor-version":[{"id":26650,"href":"https:\/\/blogdoedvaldomagalhaes.com.br\/index.php\/wp-json\/wp\/v2\/posts\/3876\/revisions\/26650"}],"wp:attachment":[{"href":"https:\/\/blogdoedvaldomagalhaes.com.br\/index.php\/wp-json\/wp\/v2\/media?parent=3876"}],"wp:term":[{"taxonomy":"category","embeddable":true,"href":"https:\/\/blogdoedvaldomagalhaes.com.br\/index.php\/wp-json\/wp\/v2\/categories?post=3876"},{"taxonomy":"post_tag","embeddable":true,"href":"https:\/\/blogdoedvaldomagalhaes.com.br\/index.php\/wp-json\/wp\/v2\/tags?post=3876"}],"curies":[{"name":"wp","href":"https:\/\/api.w.org\/{rel}","templated":true}]}}