{"id":38745,"date":"2019-02-19T08:09:53","date_gmt":"2019-02-19T11:09:53","guid":{"rendered":"http:\/\/blogdoedvaldomagalhaes.com.br\/?p=38745"},"modified":"2019-02-19T08:12:46","modified_gmt":"2019-02-19T11:12:46","slug":"barragem-de-jucazinho-nao-corre-risco-de-rompimento-garante-dnocs","status":"publish","type":"post","link":"https:\/\/blogdoedvaldomagalhaes.com.br\/index.php\/2019\/02\/19\/barragem-de-jucazinho-nao-corre-risco-de-rompimento-garante-dnocs\/","title":{"rendered":"Barragem de Jucazinho n\u00e3o corre risco de rompimento, garante DNOCS"},"content":{"rendered":"\n<p>Realizada na tarde desta segunda-feira (18), no audit\u00f3rio do Minist\u00e9rio P\u00fablico Federal (MPF), em Caruaru, reuni\u00e3o sobre o andamento das obras de recupera\u00e7\u00e3o e adequa\u00e7\u00e3o da Barragem de Jucazinho, localizada no munic\u00edpio de Surubim, Agreste de Pernambuco. As obras, que haviam sido suspensas por medida cautelar do Tribunal de Contas da Uni\u00e3o (TCU), ser\u00e3o retomadas diante da necessidade emergencial de recuperar partes da estrutura do reservat\u00f3rio.<\/p>\n\n\n\n<figure class=\"wp-block-image\"><img loading=\"lazy\" decoding=\"async\" width=\"1024\" height=\"623\" src=\"http:\/\/blogdoedvaldomagalhaes.com.br\/wp-content\/uploads\/2019\/02\/IMG-20190218-WA0087-1024x623.jpg\" alt=\"\" class=\"wp-image-38750\" srcset=\"https:\/\/blogdoedvaldomagalhaes.com.br\/wp-content\/uploads\/2019\/02\/IMG-20190218-WA0087-1024x623.jpg 1024w, https:\/\/blogdoedvaldomagalhaes.com.br\/wp-content\/uploads\/2019\/02\/IMG-20190218-WA0087-300x183.jpg 300w, https:\/\/blogdoedvaldomagalhaes.com.br\/wp-content\/uploads\/2019\/02\/IMG-20190218-WA0087-768x467.jpg 768w, https:\/\/blogdoedvaldomagalhaes.com.br\/wp-content\/uploads\/2019\/02\/IMG-20190218-WA0087.jpg 1280w\" sizes=\"auto, (max-width: 1024px) 100vw, 1024px\" \/><\/figure>\n\n\n\n<p>O diretor geral do Departamento Nacional de Obras Contra as Secas&nbsp;(DNOCS), \u00c2ngelo Guerra, tranquilizou a popula\u00e7\u00e3o da regi\u00e3o afirmando que a barragem n\u00e3o corre risco de rompimento. Sobre previs\u00e3o para a esta\u00e7\u00e3o chuvosa, o gerente de meteorologia da Ag\u00eancia Pernambucana de \u00c1guas e Clima (Apac), Patrice Oliveira, disse que pode chover acima da m\u00e9dia nos pr\u00f3ximos meses e Jucazinho poder\u00e1 atingir 50% de sua capacidade.<\/p>\n\n\n\n<p>Por Helenivaldo Pereira\/R\u00e1dio Liberdade<\/p>\n\n\n\n<p>Fotos: Iza\u00edas Rodrigues<\/p>\n","protected":false},"excerpt":{"rendered":"<p>Realizada na tarde desta segunda-feira (18), no audit\u00f3rio do Minist\u00e9rio P\u00fablico Federal (MPF), em Caruaru, reuni\u00e3o sobre o andamento das&hellip;<\/p>\n","protected":false},"author":1,"featured_media":38746,"comment_status":"closed","ping_status":"open","sticky":false,"template":"","format":"standard","meta":{"footnotes":""},"categories":[14120],"tags":[5034,2,14150,11641],"class_list":["post-38745","post","type-post","status-publish","format-standard","has-post-thumbnail","hentry","category-noticias","tag-apac","tag-blog-do-edvaldo-magalhaes","tag-dnocs","tag-ministerio-publico-federal"],"_links":{"self":[{"href":"https:\/\/blogdoedvaldomagalhaes.com.br\/index.php\/wp-json\/wp\/v2\/posts\/38745","targetHints":{"allow":["GET"]}}],"collection":[{"href":"https:\/\/blogdoedvaldomagalhaes.com.br\/index.php\/wp-json\/wp\/v2\/posts"}],"about":[{"href":"https:\/\/blogdoedvaldomagalhaes.com.br\/index.php\/wp-json\/wp\/v2\/types\/post"}],"author":[{"embeddable":true,"href":"https:\/\/blogdoedvaldomagalhaes.com.br\/index.php\/wp-json\/wp\/v2\/users\/1"}],"replies":[{"embeddable":true,"href":"https:\/\/blogdoedvaldomagalhaes.com.br\/index.php\/wp-json\/wp\/v2\/comments?post=38745"}],"version-history":[{"count":2,"href":"https:\/\/blogdoedvaldomagalhaes.com.br\/index.php\/wp-json\/wp\/v2\/posts\/38745\/revisions"}],"predecessor-version":[{"id":38751,"href":"https:\/\/blogdoedvaldomagalhaes.com.br\/index.php\/wp-json\/wp\/v2\/posts\/38745\/revisions\/38751"}],"wp:featuredmedia":[{"embeddable":true,"href":"https:\/\/blogdoedvaldomagalhaes.com.br\/index.php\/wp-json\/wp\/v2\/media\/38746"}],"wp:attachment":[{"href":"https:\/\/blogdoedvaldomagalhaes.com.br\/index.php\/wp-json\/wp\/v2\/media?parent=38745"}],"wp:term":[{"taxonomy":"category","embeddable":true,"href":"https:\/\/blogdoedvaldomagalhaes.com.br\/index.php\/wp-json\/wp\/v2\/categories?post=38745"},{"taxonomy":"post_tag","embeddable":true,"href":"https:\/\/blogdoedvaldomagalhaes.com.br\/index.php\/wp-json\/wp\/v2\/tags?post=38745"}],"curies":[{"name":"wp","href":"https:\/\/api.w.org\/{rel}","templated":true}]}}