{"id":38731,"date":"2019-02-18T22:46:09","date_gmt":"2019-02-19T01:46:09","guid":{"rendered":"http:\/\/blogdoedvaldomagalhaes.com.br\/?p=38731"},"modified":"2019-02-18T22:47:53","modified_gmt":"2019-02-19T01:47:53","slug":"milton-cruz-nao-e-mais-tecnico-do-sport","status":"publish","type":"post","link":"https:\/\/blogdoedvaldomagalhaes.com.br\/index.php\/2019\/02\/18\/milton-cruz-nao-e-mais-tecnico-do-sport\/","title":{"rendered":"Milton Cruz n\u00e3o \u00e9 mais t\u00e9cnico do Sport"},"content":{"rendered":"\n<p>Em reuni\u00e3o convocada pelo treinador Milton Cruz juntamente com a diretoria de futebol do Sport Club do Recife, chegou-se a um acordo e o t\u00e9cnico comunicou que n\u00e3o comanda mais o elenco do Le\u00e3o. O Clube agradece os servi\u00e7os prestados e deseja sorte em sua caminhada.<\/p>\n\n\n\n<p>Milton tamb\u00e9m convoca uma coletiva de imprensa, no Centro de Treinamento Jos\u00e9 de Andrade M\u00e9dicis, nesta ter\u00e7a -feira (19), \u00e0s 14h30, para despedida e considera\u00e7\u00f5es finais.<\/p>\n\n\n\n<p>Informa\u00e7\u00f5es: Sport Club do Recife<\/p>\n\n\n\n<p>Foto: Williams Aguiar<\/p>\n","protected":false},"excerpt":{"rendered":"<p>Em reuni\u00e3o convocada pelo treinador Milton Cruz juntamente com a diretoria de futebol do Sport Club do Recife, chegou-se a&hellip;<\/p>\n","protected":false},"author":1,"featured_media":38732,"comment_status":"closed","ping_status":"open","sticky":false,"template":"","format":"standard","meta":{"footnotes":""},"categories":[14123],"tags":[2,14217],"class_list":["post-38731","post","type-post","status-publish","format-standard","has-post-thumbnail","hentry","category-futebol","tag-blog-do-edvaldo-magalhaes","tag-milton-cruz-nao-e-mais-tecnico-do-sport"],"_links":{"self":[{"href":"https:\/\/blogdoedvaldomagalhaes.com.br\/index.php\/wp-json\/wp\/v2\/posts\/38731","targetHints":{"allow":["GET"]}}],"collection":[{"href":"https:\/\/blogdoedvaldomagalhaes.com.br\/index.php\/wp-json\/wp\/v2\/posts"}],"about":[{"href":"https:\/\/blogdoedvaldomagalhaes.com.br\/index.php\/wp-json\/wp\/v2\/types\/post"}],"author":[{"embeddable":true,"href":"https:\/\/blogdoedvaldomagalhaes.com.br\/index.php\/wp-json\/wp\/v2\/users\/1"}],"replies":[{"embeddable":true,"href":"https:\/\/blogdoedvaldomagalhaes.com.br\/index.php\/wp-json\/wp\/v2\/comments?post=38731"}],"version-history":[{"count":2,"href":"https:\/\/blogdoedvaldomagalhaes.com.br\/index.php\/wp-json\/wp\/v2\/posts\/38731\/revisions"}],"predecessor-version":[{"id":38735,"href":"https:\/\/blogdoedvaldomagalhaes.com.br\/index.php\/wp-json\/wp\/v2\/posts\/38731\/revisions\/38735"}],"wp:featuredmedia":[{"embeddable":true,"href":"https:\/\/blogdoedvaldomagalhaes.com.br\/index.php\/wp-json\/wp\/v2\/media\/38732"}],"wp:attachment":[{"href":"https:\/\/blogdoedvaldomagalhaes.com.br\/index.php\/wp-json\/wp\/v2\/media?parent=38731"}],"wp:term":[{"taxonomy":"category","embeddable":true,"href":"https:\/\/blogdoedvaldomagalhaes.com.br\/index.php\/wp-json\/wp\/v2\/categories?post=38731"},{"taxonomy":"post_tag","embeddable":true,"href":"https:\/\/blogdoedvaldomagalhaes.com.br\/index.php\/wp-json\/wp\/v2\/tags?post=38731"}],"curies":[{"name":"wp","href":"https:\/\/api.w.org\/{rel}","templated":true}]}}